{"id":4393,"date":"2020-09-28T01:41:42","date_gmt":"2020-09-28T01:41:42","guid":{"rendered":"http:\/\/versa-line.com\/site\/?p=4393"},"modified":"2020-09-23T18:31:44","modified_gmt":"2020-09-23T18:31:44","slug":"rencontre-amis-var","status":"publish","type":"post","link":"http:\/\/versa-line.com\/site\/2020\/09\/28\/rencontre-amis-var\/","title":{"rendered":"Rencontre Amis Var"},"content":{"rendered":"<p>Une soir\u00e9e d\u00e9guis\u00e9e o\u00f9 chacun et chacune a rivalis\u00e9 dimagination Enl\u00e8vement et disparition de lhomme politique marocain Mehdi Ben Barka, le 29 octobre 1965. Du vendredi 17 au dimanche 19 juin 2016 JOURN\u00c9ES NATIONALES DE LARCH\u00c9OLOGIE journees-archeologie.fr INFO83 a s\u00e9lectionn\u00e9 quelques animations dans le Var : Toulon Portes ouvertes et ate..   Par une matin\u00e9e ensoleill\u00e9e, nous avons visit\u00e9 lAbbaye de La Celle, class\u00e9e depuis 1886 au titre des Monuments Historiques. Cette Abbaye a \u00e9t\u00e9 construite entre la fin du 12e si\u00e8cle et le d\u00e9but du 13e, mais les fouilles arch\u00e9ologiques, men\u00e9es lors des r\u00e9cents travaux de restauration, attestent dune pr\u00e9sence plus ancienne remontant \u00e0 la fin de l\u00c2ge du Fer, puis \u00e0 l\u00c9poque romaine. <img decoding=\"async\" src=\"http:\/\/resize-doctissimo.ladmedia.fr\/r\/1010,forcex\/img\/var\/doctissimo\/storage\/images\/fr\/www\/psychologie\/diaporamas\/citation-amitie\/citation-amitie-de-nicolas-hulot\/2939333-1-fre-FR\/Citation-amitie-de-Nicolas-Hulot.jpg\" alt=\"rencontre amis var\" align=\"center\"> LEspace Com\u00e9dia pr\u00e9sente MacBeth Exp\u00e9rience Vendredi 17 mars 2017 \u00e0 20h45 dapr\u00e8s Shakespeare Collectif Mains d\u0153uvre Macbeth nous souffle quil est urgent de sengager.. La Ferme du Chevalet est situ\u00e9e en plein nature, aux portes de Provence,\u00e0 2 km d Aspres sur Bu\u00ebch. Nous vous proposons notre maison en gestion libre. La proximit\u00e9 du camping du Chevalet \u00e0 3mn \u00e0 pied vous permettra de loger davantage de personnes \u00e0 la belle saison. Nous avons 5 chambres de 2 \u00e0 4 personnes, toutes avec salle de bain et WC privatifs. Le grand.. Max 15 couchages-Piscine Certaines fonctionnalit\u00e9s de ce site n\u00e9cessitent lutilisation de cookies qui ne sont d\u00e9pos\u00e9s ou lus que si vous y consentez. To view this video please enable JavaScript, and consider upgrading to a Nous vous faisons marcher.. Mais d\u00e9sol\u00e9, la page que vous cherchez ne peut \u00eatre trouv\u00e9e. Dimanche 22 mai 2016 de 10h \u00e0 18h Journ\u00e9e artisanale Bijoux, cuir, \u00e9pices, d\u00e9monstration arts martiaux, charcuterie corse, confiture, couture, produits du terroir Place Jean Aicard S.. Assassinat des membres de sa famille par Jean-Claude Romand apr\u00e8s avoir menti pendant dix-huit ans sur sa vie. <img decoding=\"async\" src=\"http:\/\/www.prefectures-regions.gouv.fr\/var\/ire_site\/storage\/images\/pays-de-la-loire\/documents-publications\/salle-de-presse\/communiques-de-presse\/2018\/rencontre-avec-des-beneficiaires-du-parcours-emploi-competences\/300143-4-fre-FR\/Rencontre-avec-des-beneficiaires-du-parcours-emploi-competences_articleimage.jpg\" alt=\"rencontre amis var\" align=\"left\"> Rejoignez un groupe de rencontre en Pyr\u00e9n\u00e9es-Orientales o\u00f9 lasexualit\u00e9 ne sera pas un tabou. Vivez, partagez, rencontrez dautres asexuels hommes et femmes du d\u00e9partement 66.  Adressez simplement \u00e0 ladresse indiqu\u00e9e ci-dessus un ch\u00e8que libell\u00e9 \u00e0 lordre de lassociation de 20 pour un c\u00e9libataire, ou 30 pour un couple. Merci dy joindre vos coordonn\u00e9es postales, t\u00e9l\u00e9phoniques, et votre e-mail. Vous pouvez \u00e9galement prendre contact avec la Pr\u00e9sidente aux num\u00e9ros indiqu\u00e9s ci-dessus. <img decoding=\"async\" src=\"http:\/\/img1.closermag.fr\/var\/closermag\/storage\/images\/media\/images-des-contenus\/actu-people\/people-francais\/20151105-info\/enjoyphoenix-pendant-les-repetitions-de-danse-avec-les-stars-6\/4955117-1-fre-FR\/EnjoyPhoenix-pendant-les-repetitions-de-Danse-avec-les-Stars-6_exact1024x768_p.jpg\" alt=\"rencontre amis var\" align=\"right\"> Vote utilisateur: 5 5 Retrouvez dautres asexuels en r\u00e9gion bordelaise. Un groupe de rencontre et damiti\u00e9 asexuelle est lanc\u00e9 pour le d\u00e9partement du 33, en Aquitaine Gironde, Landes.. Profitez des beaux jours pour tisser de nouvelles amiti\u00e9s, autour dun bon verre de Bordeaux pourquoi pas. Avec Ren\u00e9 Ben Chemoul et Ch\u00e9ri Bibi, nous avions deux stars qui crevaient le petit \u00e9cran. La lutte est entr\u00e9e dans les foyers et devenait plus populaire \u00e0 chaque retransmission t\u00e9l\u00e9vis\u00e9e. Rencontre amicale Var 83 : Sorties et amiti\u00e9 sur Gare aux Amis Si tu sais sourire dans la d\u00e9tresse, le chemin taidera A votre disposition dans l\u00e9tablissement, dautres lib\u00e9raux du secteur param\u00e9dical peuvent intervenir.<\/p>\n","protected":false},"excerpt":{"rendered":"<p>rencontre amis var<\/p>\n","protected":false},"author":1,"featured_media":0,"comment_status":"closed","ping_status":"closed","sticky":false,"template":"","format":"standard","meta":{"footnotes":""},"categories":[1],"tags":[],"_links":{"self":[{"href":"http:\/\/versa-line.com\/site\/wp-json\/wp\/v2\/posts\/4393"}],"collection":[{"href":"http:\/\/versa-line.com\/site\/wp-json\/wp\/v2\/posts"}],"about":[{"href":"http:\/\/versa-line.com\/site\/wp-json\/wp\/v2\/types\/post"}],"author":[{"embeddable":true,"href":"http:\/\/versa-line.com\/site\/wp-json\/wp\/v2\/users\/1"}],"replies":[{"embeddable":true,"href":"http:\/\/versa-line.com\/site\/wp-json\/wp\/v2\/comments?post=4393"}],"version-history":[{"count":1,"href":"http:\/\/versa-line.com\/site\/wp-json\/wp\/v2\/posts\/4393\/revisions"}],"predecessor-version":[{"id":4394,"href":"http:\/\/versa-line.com\/site\/wp-json\/wp\/v2\/posts\/4393\/revisions\/4394"}],"wp:attachment":[{"href":"http:\/\/versa-line.com\/site\/wp-json\/wp\/v2\/media?parent=4393"}],"wp:term":[{"taxonomy":"category","embeddable":true,"href":"http:\/\/versa-line.com\/site\/wp-json\/wp\/v2\/categories?post=4393"},{"taxonomy":"post_tag","embeddable":true,"href":"http:\/\/versa-line.com\/site\/wp-json\/wp\/v2\/tags?post=4393"}],"curies":[{"name":"wp","href":"https:\/\/api.w.org\/{rel}","templated":true}]}}