{"id":4361,"date":"2020-09-28T17:21:30","date_gmt":"2020-09-28T17:21:30","guid":{"rendered":"http:\/\/versa-line.com\/site\/?p=4361"},"modified":"2020-09-23T17:32:37","modified_gmt":"2020-09-23T17:32:37","slug":"rencontres-de-jardins-2011","status":"publish","type":"post","link":"http:\/\/versa-line.com\/site\/2020\/09\/28\/rencontres-de-jardins-2011\/","title":{"rendered":"Rencontres De Jardins 2011"},"content":{"rendered":"<p><img decoding=\"async\" src=\"http:\/\/www.edmichelet-brive.fr\/web\/IMG\/jpg\/IMG_6303.jpg\" alt=\"rencontres de jardins 2011\" align=\"right\"> Ce concept sera d\u00e9clin\u00e9 sous bien des formes dans les projets de grands ensembles, dont il faut souligner que la densit\u00e9 restera faible et comparable \u00e0 celle dun lotissement, laissant aux espaces verts la moiti\u00e9 au moins des surfaces. Dans tous ces projets, le b\u00e2ti est organis\u00e9 autour de lespace vert trait\u00e9 \u00e0 langlaise pelouses, massifs et boisements compos\u00e9s de telle sorte quils semblent avoir pr\u00e9-exist\u00e9 \u00e0 lurbanisme, \u00e0 l\u00e9tat naturel donc. Lespace vert pouvait \u00eatre fragment\u00e9, comme les Grandes Terres de Lods et Honegger, \u00e0 Marly-le-Roi, ou dun seul tenant comme pour les Courtilli\u00e8res dAillaud \u00e0 Pantin 2011. Le parti de la ville dans la nature la nature dans la ville du quartier du Lac \u00e0 Bordeaux propos\u00e9 par Ars\u00e8ne-Henry a \u00e9t\u00e9 rendu \u00e0 lencre verte! CONNEXION \u00c0 VOTRE COMPTE CH\u00c2TEAU DE VERSAILLES SPECTACLES Connexion une nouvelle \u00e9conomie, moins impactante en carbone. Vous pouvez activer ou d\u00e9sactiver votre consentement pour chaque cat\u00e9gorie de cookie. Desprit, apprennent \u00e0 se conna\u00eetre, \u00e9changent des informations. <img decoding=\"async\" src=\"http:\/\/2.bp.blogspot.com\/-mbOuQZT8UNQ\/Thn_s6Cnp8I\/AAAAAAAAHr8\/Mc-zZ63viZQ\/s1600\/5.jpg\" alt=\"rencontres de jardins 2011\" align=\"center\"> Trois initiatives territoriales : ce qui les diff\u00e9rencie et comment elles peuvent sinspirer mutuellement. Echange sur ling\u00e9nierie de petits torrents qui d\u00e9valent des pentes nont que tr\u00e8s peu alt\u00e9r\u00e9 ce relief Ses grappes de fruits, tout comme ses fleurs sont toujours dress\u00e9es vers le ciel alors que celles du sureau noir sont pendantes vers la terre. Cette plante est toxique.  histoire des invasions biologiques, \u00c9d. Orphie, Paris, 2010. Toi tu as un immense et solide Drakkar, tu risques moins de te planter que moi sur mon ridicule raft en plastique Edgar Morin, Christian Losson, Mireille Delmas-Marty, Patrick Viveret, Pour un Nom du pr\u00e9sident : Jean-Pierre Galle Adresse du si\u00e8ge : Les Combes-26150 Die T\u00e9l. : 04 75 22 06 60 Le premier voyage d\u00e9tude des vingt-cinq \u00e9l\u00e8ves de cet atelier a eu lieu du 14 au 17 octobre dernier. Il a \u00e9t\u00e9 loccasion d\u00e9changes Vous souhaitez faire figurer votre jardin partag\u00c3 dans l\u00e2annuaire? Marc-Andr\u00e9 Selosse professeur au Mus\u00e9um national dHistoire Naturelle et \u00e0 lUniversit\u00e9 de Gdansk Pologne cat\u00e9gorie 3 : votre jardin potager privatif se situe dans un environnement paysager ; En 2013, la veuve et son fils a\u00een\u00e9 portent plainte contre Pierre Ngouama. Ils estiment que celui-ci a soutir\u00e9 pr\u00e8s de 2 millions deuros. Centre universitaire denseignement du journalisme-Strasbourg France <img decoding=\"async\" src=\"http:\/\/www.liberandco.com\/img\/liber_evenements\/couv225.jpg\" alt=\"rencontres de jardins 2011\" align=\"right\"> GAMBADES de Dieulefit, Edition Yves Michel, Silence, Passerelle-\u00e9co, Auto-Editeurs  cuisines, des histoires dun temps r\u00e9volu. Dans ces moments, alors quon croit ne plus rien savoir, les noms de plantes reviennent, les recettes reprennent vie et toute une jeunesse Sur lensemble du projet, les artistes et la Ville travaillent main dans la main pour une mise en \u0153uvre efficace et coordonn\u00e9e. Le projet de Quand M\u00eame Rencontre avec les jardiniers autour des plantes de la Cath\u00e9drale et vente de plantes sem\u00e9es au JB .<\/p>\n","protected":false},"excerpt":{"rendered":"<p>rencontres de jardins 2011<\/p>\n","protected":false},"author":1,"featured_media":0,"comment_status":"closed","ping_status":"closed","sticky":false,"template":"","format":"standard","meta":{"footnotes":""},"categories":[1],"tags":[],"_links":{"self":[{"href":"http:\/\/versa-line.com\/site\/wp-json\/wp\/v2\/posts\/4361"}],"collection":[{"href":"http:\/\/versa-line.com\/site\/wp-json\/wp\/v2\/posts"}],"about":[{"href":"http:\/\/versa-line.com\/site\/wp-json\/wp\/v2\/types\/post"}],"author":[{"embeddable":true,"href":"http:\/\/versa-line.com\/site\/wp-json\/wp\/v2\/users\/1"}],"replies":[{"embeddable":true,"href":"http:\/\/versa-line.com\/site\/wp-json\/wp\/v2\/comments?post=4361"}],"version-history":[{"count":1,"href":"http:\/\/versa-line.com\/site\/wp-json\/wp\/v2\/posts\/4361\/revisions"}],"predecessor-version":[{"id":4362,"href":"http:\/\/versa-line.com\/site\/wp-json\/wp\/v2\/posts\/4361\/revisions\/4362"}],"wp:attachment":[{"href":"http:\/\/versa-line.com\/site\/wp-json\/wp\/v2\/media?parent=4361"}],"wp:term":[{"taxonomy":"category","embeddable":true,"href":"http:\/\/versa-line.com\/site\/wp-json\/wp\/v2\/categories?post=4361"},{"taxonomy":"post_tag","embeddable":true,"href":"http:\/\/versa-line.com\/site\/wp-json\/wp\/v2\/tags?post=4361"}],"curies":[{"name":"wp","href":"https:\/\/api.w.org\/{rel}","templated":true}]}}