{"id":4337,"date":"2020-09-28T19:02:18","date_gmt":"2020-09-28T19:02:18","guid":{"rendered":"http:\/\/versa-line.com\/site\/?p=4337"},"modified":"2020-09-23T16:49:30","modified_gmt":"2020-09-23T16:49:30","slug":"rencontre-radio-2-0","status":"publish","type":"post","link":"http:\/\/versa-line.com\/site\/2020\/09\/28\/rencontre-radio-2-0\/","title":{"rendered":"Rencontre Radio 2.0"},"content":{"rendered":"<p>Pour b\u00e9n\u00e9ficier des alertes ou des favoris, vous devez vous identifier sur le site : Votre conseill\u00e8re vous consultera toujours avant de vous faire rencontrer une pr\u00e9tendante. En effet, vous aurez des informations au pr\u00e9alable sur les personnes susceptibles de vous plaire. Dans un premier temps par t\u00e9l\u00e9phone, vous pourrez d\u00e9couvrir cette femme ou cet homme et d\u00e9cider par vous-m\u00eame de la suite. Cest lincomp\u00e9tence de la Chine qui a provoqu\u00e9 cette tuerie de masse mondiale. Voil\u00e0 le message que le pr\u00e9sident Donald Trump a publi\u00e9 via son r\u00e9seau social pr\u00e9f\u00e9r\u00e9, Twitter le 20 mai dernier \u00e0 propos du virus chinois, comme il se pla\u00eet \u00e0 nommer le coronavirus pour mieux pointer du doigt le gouvernement chinois. Au-del\u00e0 des provocations habituelles du pr\u00e9sident am\u00e9ricain, la Chine a-t-elle \u00e9chou\u00e9 \u00e0 contenir l\u00e9pid\u00e9mie, comme elle avait \u00e9chou\u00e9 et menti en 2003 \u00e0 endiguer l\u00e9pid\u00e9mie caus\u00e9e par un premier coronavirus, le SRAS? Quest-ce que l\u00e9pid\u00e9mie nous apprend sur le syst\u00e8me de sant\u00e9 chinois? Pourquoi la Chine ment-elle sur le nombre de victimes de la Covid-19, alors quelle ne comptabilise que 4 700 d\u00e9c\u00e8s dans un pays de 1,5 milliard dhabitants, l\u00e0 o\u00f9 la France de 65 millions dhabitants en est d\u00e9j\u00e0 \u00e0 30 000 morts? Et \u00e0 Wuhan, fallait-il vraiment construire un nouvel h\u00f4pital en 10 jours? <img decoding=\"async\" src=\"http:\/\/www.geste.fr\/sites\/default\/files\/images\/Sacem.png\" alt=\"rencontre radio 2.0\" align=\"center\"> Challenges a publi\u00e9 une s\u00e9rie de chiffres relative aux ventes de v\u00e9hicules \u00e9lectriques de la marque fran\u00e7aise Peugeot. Et le moins que lon puisse dire, cest que sa e-208 z\u00e9ro \u00e9mission a rencontr\u00e9 un certain succ\u00e8s sur les cinq premiers mois du cru 2020. Lenvergure europ\u00e9enne de l\u00e9v\u00e9nement, avec les pays nordiques \u00e0 lhonneur et de nombreuses pr\u00e9sentations et tables rondes en anglais, a permis dattirer plus de 30 de professionnels internationaux parmi les 6 800 visiteurs. Pr\u00e9sentation des finalistes Meilleur Podcast Natif Si le probl\u00e8me persiste et vous emp\u00eache dacc\u00e9der \u00e0 un contenu, veuillez prendre avec nous. Chaque jour, recevez lessentiel de linformation France Bleu We have had an interesting discussion pointing out the current fragmentation of this growing market iframe srchttps:www.franceinter.frembedplayeraod0959c0ef-e811-4fb9-9886-6530a54fd61b width100 height64 frameborder0 scrollingnoiframe 14h00 : TABLE RONDE M\u00e9dias audio natifs : des contenus sp\u00e9cifiques El precio actual es de 775 euros 19 IVA. Codigos de descuento <img decoding=\"async\" src=\"http:\/\/www.bordeaux.radio-campus.org\/wp-content\/uploads\/2016\/06\/banniere-afev.png\" alt=\"rencontre radio 2.0\" align=\"right\"> Les voix d\u00e9confin\u00e9es : le retour des radios libres? Le num\u00e9rique est-il la chance de la radio? Quels nouveaux formats, quels nouveaux types de narration, quelles nouvelles techniques? Podcasts, son binaural, interactions avec les r\u00e9seaux sociaux : on fait le tour des pratiques radio-num\u00e9riques avec Xaviel Filliol, organisateur des qui se d\u00e9roulent \u00e0 la Sacem le 13 octobre- La plupart font surgir des paroles et des musiques compl\u00e8tement absentes des ondes l\u00e9gales. Plusieurs radios sont clairement li\u00e9es \u00e0 un mouvement de lutte politique, comme Radio Verte en 77 qui porte un combat \u00e9colo, Lorraine Coeur dAcier lanc\u00e9e en 79 par la CGT pour lutter contre la fermeture dusines \u00e0 Longwy ou encore Radio Libertaire cr\u00e9\u00e9e en 81 par la F\u00e9d\u00e9ration Anarchiste. Augment\u00e9e et transm\u00e9dia : la radio 2.0 va-t-elle enterrer la radio FM?  Depuis avril 2012, la revue INfluencia a d\u00e9j\u00e0 trait\u00e9 32 th\u00e9matiques : Choisir le type dabus Facultatif Compl\u00e9ter votre signalement Facultatif  La nouvelle identit\u00e9 de Sud Radio Groupe se d\u00e9cline aussi au niveau de sa r\u00e9gie locale, qui devient R\u00e9gie 1981. Des innovations commenceront \u00e0 \u00eatre mises en place d\u00e8s le.. <img decoding=\"async\" src=\"http:\/\/rampok.org\/img\/fa9b146c8d2d7db22f2f159190697f79.jpg\" alt=\"rencontre radio 2.0\" align=\"right\">.<\/p>\n","protected":false},"excerpt":{"rendered":"<p>rencontre radio 2.0<\/p>\n","protected":false},"author":1,"featured_media":0,"comment_status":"closed","ping_status":"closed","sticky":false,"template":"","format":"standard","meta":{"footnotes":""},"categories":[1],"tags":[],"_links":{"self":[{"href":"http:\/\/versa-line.com\/site\/wp-json\/wp\/v2\/posts\/4337"}],"collection":[{"href":"http:\/\/versa-line.com\/site\/wp-json\/wp\/v2\/posts"}],"about":[{"href":"http:\/\/versa-line.com\/site\/wp-json\/wp\/v2\/types\/post"}],"author":[{"embeddable":true,"href":"http:\/\/versa-line.com\/site\/wp-json\/wp\/v2\/users\/1"}],"replies":[{"embeddable":true,"href":"http:\/\/versa-line.com\/site\/wp-json\/wp\/v2\/comments?post=4337"}],"version-history":[{"count":1,"href":"http:\/\/versa-line.com\/site\/wp-json\/wp\/v2\/posts\/4337\/revisions"}],"predecessor-version":[{"id":4338,"href":"http:\/\/versa-line.com\/site\/wp-json\/wp\/v2\/posts\/4337\/revisions\/4338"}],"wp:attachment":[{"href":"http:\/\/versa-line.com\/site\/wp-json\/wp\/v2\/media?parent=4337"}],"wp:term":[{"taxonomy":"category","embeddable":true,"href":"http:\/\/versa-line.com\/site\/wp-json\/wp\/v2\/categories?post=4337"},{"taxonomy":"post_tag","embeddable":true,"href":"http:\/\/versa-line.com\/site\/wp-json\/wp\/v2\/tags?post=4337"}],"curies":[{"name":"wp","href":"https:\/\/api.w.org\/{rel}","templated":true}]}}