{"id":4311,"date":"2020-09-28T12:52:32","date_gmt":"2020-09-28T12:52:32","guid":{"rendered":"http:\/\/versa-line.com\/site\/?p=4311"},"modified":"2020-09-23T15:22:39","modified_gmt":"2020-09-23T15:22:39","slug":"rencontres-documentaires-mellionnec","status":"publish","type":"post","link":"http:\/\/versa-line.com\/site\/2020\/09\/28\/rencontres-documentaires-mellionnec\/","title":{"rendered":"Rencontres Documentaires Mellionnec"},"content":{"rendered":"<p>Ils appr\u00e9cient cette immersion \u00e0 la campagne. Ils mont dit quils trouvaient g\u00e9nial de ne pas avoir Internet dans la maison o\u00f9 ils sont h\u00e9berg\u00e9s, car cela les oblige \u00e0 se parler, sexclame Isabelle Le Corff, professeur de lUBO en \u00e9tudes cin\u00e9matographiques. Sous les films la plage : Rencontres du Film documentaire Pour cette 11\u00e8me ann\u00e9e, les organisateurs des rencontres du film documentaire de Mellionnec, commune situ\u00e9e dans les C\u00f4tes-dArmor, ont fait appel \u00e0 Lesage Structure pour limplantation dun 2104 : Bois de Kergrist et landes de Locarn 13km : RDV \u00e0 la maison des Landes et Tourbi\u00e8res \u00e0 Kergrist-Mo\u00eblou GPS : 48.3103 ;-3.317 Cette ann\u00e9e, le site sera am\u00e9nag\u00e9 pour accueillir le public et les artistes dans les meilleures conditions et permettre une circulation fl Lautonomie de votre Caisse locale est un gage de r\u00e9activit\u00e9. 4 badges \u00e0 collectionner dans les 14 structures participantes! Juin 5 Vendredi 0 h 00 min-Aout 1 Samedi 0 h 00 min Org : Association de Mise en Valeur des sites naturels de Glomel. Voulez vous rester \u00e0 cette \u00e9chelle ou augmenter la voilure? Ty Films Cat\u00e9gories,, \u00c9tiquettes,,,,,,, Navigation de larticle <img decoding=\"async\" src=\"http:\/\/www.benoitlabourdette.com\/IMG\/jpg\/2015_diffusion_rencontres_cinema_documentaire_enregistrement.jpg\" alt=\"rencontres documentaires mellionnec\" align=\"center\"> Wikipedia est une marque d\u00e9pos\u00e9e de la, organisation de bienfaisance r\u00e9gie par le paragraphe du code fiscal des \u00c9tats-Unis. Ici, pas de crit\u00e8res th\u00e9matiques, si ce nest celui du regard cin\u00e9matographique. <img decoding=\"async\" src=\"http:\/\/d1023456-2104.hosting.hegerys.com\/projet\/multimedia\/detail\/1460.jpg\" alt=\"rencontres documentaires mellionnec\" align=\"right\"> Le point ce vendredi \u00e0 19h! https:t.couIzTVxRcKw Thu Aug 01 13:25:55 0000 2019  Le Festival du Film de lOuest a f\u00eat\u00e9 ses dix ans lan pass\u00e9 La onzi\u00e8me \u00e9dition se devait donc d\u00eatre En poursuivant votre navigation sur notre site, vous acceptez lutilisation de cookies pour s\u00e9curiser votre connexion, faciliter votre navigation, vous proposer des offres adapt\u00e9es et permettre l\u00e9laboration de statistiques. Informations cookies et param\u00e9trage,  <img decoding=\"async\" src=\"http:\/\/www.mille-et-une-films.fr\/sites\/default\/files\/1fragments.jpg\" alt=\"rencontres documentaires mellionnec\" align=\"left\"> J.J.R : Quelque chose dessentiel se passe aussi. Les gens viennent voir leurs voisins mais en fait d\u00e9couvrent un film! Lobjectif de cette op\u00e9ration \u00e9tait de braquer la cam\u00e9ra sur le bourg de Mellionnec mais aussi damener des personnes \u00e0 voir des choses quelles nauraient jamais \u00e9t\u00e9 voir. Les gens sortent de la s\u00e9ance et sautorisent \u00e0 donner un avis sur ce quils ont vu. Cest de la d\u00e9mocratisation du cin\u00e9ma mais avec une certaine exigence artistique! Cest le but des Rencontres! Et puis, il y a aussi des personnes qui ont leurs rendez-vous annuels le samedi soir, qui viennent manger et boire avec leurs voisins et en famille. Ils ne viennent pas pour le cin\u00e9ma mais ils se sentent le droit d\u00eatre l\u00e0! Cest lapproche du cin\u00e9ma et lapproche du milieu aussi. \u00c7a veut dire que Ty Films cest ouvert \u00e0 tout le monde! Donc on est tr\u00e8s attentifs \u00e0 la qualit\u00e9 des repas, de laccueil, \u00e0 la d\u00e9coration Cette ann\u00e9e, le festival et Daoulagad Breizh ont choisi de mettre en lumi\u00e8re le travail de Ty films. Une rencontre avec Jean-Jacques Rault, directeur, suivie de la projection de ces 4 portraits aura lieu le Mercredi 21 ao\u00fbt \u00e0 10h, \u00e0 la MJC. La somme de nos amours, un film de Salom\u00e9 Laloux-Bard 2015-13 .<\/p>\n","protected":false},"excerpt":{"rendered":"<p>rencontres documentaires mellionnec<\/p>\n","protected":false},"author":1,"featured_media":0,"comment_status":"closed","ping_status":"closed","sticky":false,"template":"","format":"standard","meta":{"footnotes":""},"categories":[1],"tags":[],"_links":{"self":[{"href":"http:\/\/versa-line.com\/site\/wp-json\/wp\/v2\/posts\/4311"}],"collection":[{"href":"http:\/\/versa-line.com\/site\/wp-json\/wp\/v2\/posts"}],"about":[{"href":"http:\/\/versa-line.com\/site\/wp-json\/wp\/v2\/types\/post"}],"author":[{"embeddable":true,"href":"http:\/\/versa-line.com\/site\/wp-json\/wp\/v2\/users\/1"}],"replies":[{"embeddable":true,"href":"http:\/\/versa-line.com\/site\/wp-json\/wp\/v2\/comments?post=4311"}],"version-history":[{"count":1,"href":"http:\/\/versa-line.com\/site\/wp-json\/wp\/v2\/posts\/4311\/revisions"}],"predecessor-version":[{"id":4312,"href":"http:\/\/versa-line.com\/site\/wp-json\/wp\/v2\/posts\/4311\/revisions\/4312"}],"wp:attachment":[{"href":"http:\/\/versa-line.com\/site\/wp-json\/wp\/v2\/media?parent=4311"}],"wp:term":[{"taxonomy":"category","embeddable":true,"href":"http:\/\/versa-line.com\/site\/wp-json\/wp\/v2\/categories?post=4311"},{"taxonomy":"post_tag","embeddable":true,"href":"http:\/\/versa-line.com\/site\/wp-json\/wp\/v2\/tags?post=4311"}],"curies":[{"name":"wp","href":"https:\/\/api.w.org\/{rel}","templated":true}]}}