{"id":4303,"date":"2020-09-28T06:58:17","date_gmt":"2020-09-28T06:58:17","guid":{"rendered":"http:\/\/versa-line.com\/site\/?p=4303"},"modified":"2020-09-23T15:10:34","modified_gmt":"2020-09-23T15:10:34","slug":"rencontre-banlieue","status":"publish","type":"post","link":"http:\/\/versa-line.com\/site\/2020\/09\/28\/rencontre-banlieue\/","title":{"rendered":"Rencontre Banlieue"},"content":{"rendered":"<p>  Acc\u00e8s en transport en commun: Fontenay-sous-Bois RER A Appel de Grigny : linterview de Philippe Rio, maire PCF de Grigny sur BFM TV Ville et Banlieue : Marc Vuillemot rencontre ce lundi Emmanuel Macron Notre dernier reportage tourn\u00e9 \u00e0 Frais-Vallon dans les quartiers nords de Marseille est disponible sur YouTube. Je reprends le texte : Bally Bagayoko a soulign\u00e9 la volont\u00e9 de produire des actions qui permettent d\u00e9veiller les consciences. Eveiller les consciences! il na aucune pudeur ce Monsieur! Il se gave dargent public, envoie p\u00e9ter les dionysiens qui r\u00e9clament des explications.. Et il \u00e9voque la conscience!.. Mais peut \u00eatre quil va reprendre conscience justement et rendre largent.. Tiens cela me rappelle une citation dans Hamlet de Shakespeare : La conscience fait de nous tous des couards. Lun deux, consid\u00e9r\u00e9 comme violent, vient tout juste de sortir de prison pour braquage. Le plus \u00e2g\u00e9 na que 20 ans. En juin 1935, Breton \u00e9crit le discours quil devra prononcer au Congr\u00e8s des \u00e9crivains pour la d\u00e9fense de la culture. Sa conclusion est : Transformer le monde, a dit ; Changer la vie, a dit ; ces deux mots dordre pour nous nen font quun. Mais \u00e0 la suite dune violente altercation avec, ce dernier, d\u00e9l\u00e9gu\u00e9 de la repr\u00e9sentation sovi\u00e9tique, ayant calomni\u00e9 les surr\u00e9alistes, la participation de Breton est annul\u00e9e. Il fallut le suicide de pour que les organisateurs conc\u00e8dent \u00e0 de lire le texte. La rupture d\u00e9finitive avec le est consomm\u00e9e avec le tract Du temps o\u00f9 les avaient raison. Le coronavirus n\u00e9pargne pas les artistes. Patrick Bruel a r\u00e9v\u00e9l\u00e9, jeudi 3 avril 2020, avoir lui aussi \u00e9t\u00e9 contamin\u00e9 par le Covid-19 et avoir lutt\u00e9 contre la maladie durant plusieurs jours. Les amis, pas dinqui\u00e9tude, tout va bien. Suite \u00e0 mon interview sur Franceinfo, les m\u00e9dias relayent le fait que jai eu le coronavirus. Oui, en effet, je lai eu mais jai aussi eu la chance de plut\u00f4t bien r\u00e9agir. Apr\u00e8s quelques jours de fi\u00e8vre, toux et fatigue, je vais d\u00e9sormais beaucoup mieux, \u00e9crit le chanteur de 60 ans sur son compte Instagram. Et de conclure son message : Je suis de tout coeur ce soir avec les gens durement touch\u00e9s, ainsi quavec tout le personnel soignant quon ne remerciera jamais assez. <img decoding=\"async\" src=\"http:\/\/www.ac-grenoble.fr\/ecole\/gilly-sur-isere\/wp-content\/uploads\/2018\/06\/20180614_134700-300x225.jpg\" alt=\"rencontre banlieue\" align=\"center\"> Lundi 22 mai 2017, 150 \u00e9l\u00e8ves des \u00e9coles Esp\u00e9rance banlieues sont venus de la France enti\u00e8re pour assister \u00e0 un match sur leur court, le court Central Esp\u00e9rance banlieues.  <img decoding=\"async\" src=\"http:\/\/www.2villepin.fr\/images\/Bondy\/Bondy%201.jpg\" alt=\"rencontre banlieue\" align=\"center\"> Ce que Breton r\u00e9habilite sous le nom de, cest la vieille croyance en la rencontre entre le d\u00e9sir humain et les forces myst\u00e9rieuses qui agissent en vue de sa r\u00e9alisation. Mais cette notion est d\u00e9pourvue \u00e0 ses yeux de tout fondement mystique. Il se base sur ses exp\u00e9riences personnelles de synchronicit\u00e9s et sur les exp\u00e9rimentations en m\u00e9tapsychique quil a observ\u00e9es \u00e0 l. By upgrading, youll get a faster web experience, better sense of security and you wont see annoying pages like this any more! Rencontre avec Helkarava, auteur de La banlieue du 20 heures et Yasmine Bouagga, sociologue, co-directrice de la collection Sociorama : Quand la bande-dessin\u00e9e et les sciences sociales se rencontrent 8 septembre 2016, de 18h \u00e0 20h \u00e0 la biblioth\u00e8que du 7e Jean Mac\u00e9, \u00e0 Lyon Pr\u00e9sentation Cinq jeunes cin\u00e9astes \u00e9mergents suivis par Cin\u00e9banlieue sont invit\u00e9s \u00e0 venir pr\u00e9senter leur projet de court m\u00e9trage devant une centaine de professionnels appartenant aux diff\u00e9rents m\u00e9tiers de la cr\u00e9ation et de la diffusion producteurs, sc\u00e9naristes, techniciens, programmateurs, gestionnaires de fonds daide.. Qui sont invit\u00e9s \u00e0 venir les \u00e9couter et leur apporter des conseils et des propositions de collaboration. D\u00e9bat suivi de d\u00e9dicaces et dun verre de lamiti\u00e9. Le 13 juin et le 3 juil. 2020 Au lever du soleil.. De mani\u00e8re g\u00e9n\u00e9rale, il rejette lesprit fran\u00e7ais fait de blasement, datonie profonde qui se dissimule sous le masque de la l\u00e9g\u00e8ret\u00e9, de la suffisance, du sens commun le plus \u00e9cul\u00e9 se prenant pour le bon sens, du scepticisme non \u00e9clair\u00e9, de la roublardise. Avec Breton, le merveilleux remplace les exhibitions nihilistes et lirrationnel ouvre les portes \u00e9troites du r\u00e9el sans vrai retour au symbolisme,. Moustapha Mous est un jeune Beur sans histoire, bien quhabitant une cit\u00e9 sensible. Banlieue 93 est sa rencontre improbable avec Gino, le pizzaiolo grincheux et raciste, dans le cadre dune f\u00eate populaire, la F\u00eate des Fleurs, tr\u00e8s directement inspir\u00e9e de la f\u00eate des tulipes organis\u00e9e tous les printemps \u00e0 Saint-Denis dans le magnifique parc de la L\u00e9gion dHonneur, rebaptis\u00e9 Parc des Ursulines. <img decoding=\"async\" src=\"http:\/\/metispresses.ch\/wp-content\/uploads\/2014\/09\/Rencontre_Olivier_Ratouis.jpg\" alt=\"rencontre banlieue\" align=\"center\"> Remporte la petite citadine \u00e9lectrique sont bien immobilier, animateur aime par.<\/p>\n","protected":false},"excerpt":{"rendered":"<p>rencontre banlieue<\/p>\n","protected":false},"author":1,"featured_media":0,"comment_status":"closed","ping_status":"closed","sticky":false,"template":"","format":"standard","meta":{"footnotes":""},"categories":[1],"tags":[],"_links":{"self":[{"href":"http:\/\/versa-line.com\/site\/wp-json\/wp\/v2\/posts\/4303"}],"collection":[{"href":"http:\/\/versa-line.com\/site\/wp-json\/wp\/v2\/posts"}],"about":[{"href":"http:\/\/versa-line.com\/site\/wp-json\/wp\/v2\/types\/post"}],"author":[{"embeddable":true,"href":"http:\/\/versa-line.com\/site\/wp-json\/wp\/v2\/users\/1"}],"replies":[{"embeddable":true,"href":"http:\/\/versa-line.com\/site\/wp-json\/wp\/v2\/comments?post=4303"}],"version-history":[{"count":1,"href":"http:\/\/versa-line.com\/site\/wp-json\/wp\/v2\/posts\/4303\/revisions"}],"predecessor-version":[{"id":4304,"href":"http:\/\/versa-line.com\/site\/wp-json\/wp\/v2\/posts\/4303\/revisions\/4304"}],"wp:attachment":[{"href":"http:\/\/versa-line.com\/site\/wp-json\/wp\/v2\/media?parent=4303"}],"wp:term":[{"taxonomy":"category","embeddable":true,"href":"http:\/\/versa-line.com\/site\/wp-json\/wp\/v2\/categories?post=4303"},{"taxonomy":"post_tag","embeddable":true,"href":"http:\/\/versa-line.com\/site\/wp-json\/wp\/v2\/tags?post=4303"}],"curies":[{"name":"wp","href":"https:\/\/api.w.org\/{rel}","templated":true}]}}