{"id":4279,"date":"2020-09-28T23:22:56","date_gmt":"2020-09-28T23:22:56","guid":{"rendered":"http:\/\/versa-line.com\/site\/?p=4279"},"modified":"2020-09-23T14:27:28","modified_gmt":"2020-09-23T14:27:28","slug":"rencontres-solidaires-rhone-alpes","status":"publish","type":"post","link":"http:\/\/versa-line.com\/site\/2020\/09\/28\/rencontres-solidaires-rhone-alpes\/","title":{"rendered":"Rencontres Solidaires Rh\u00f4ne Alpes"},"content":{"rendered":"<p>La fin de lann\u00e9e 2009 approche. Avez-vous pens\u00e9 \u00e0 votre plan de formation des salari\u00e9s pour lann\u00e9e 2010? La proc\u00e9dure pour demander un R\u00e9f\u00e9rendum dInitiative Partag\u00e9e RIP sur lavenir dADP a \u00e9t\u00e9 gagn\u00e9e, cest la premi\u00e8re \u00e9tape dun processus complexe et cest une premi\u00e8re en France! Maison denfants Fondation Cognacq-Jay : en Seine-et-Marne, une villa est d\u00e9di\u00e9e aux accompagnements des jeunes avec leur famille. Les \u00e9ducateurs, parents et jeunes y travaillent de mani\u00e8re coop\u00e9rative. <img decoding=\"async\" src=\"http:\/\/www.more.wfcrimewatch.com\/upload\/news\/normal\/583c65b2d40059.68228618.jpg\" alt=\"rencontres solidaires rh\u00f4ne alpes\" align=\"center\"> Plus quun secteur dactivit\u00e9 alternatif ou une niche commerciale, l\u00e9conomie sociale et solidaire semble peu \u00e0 peu simposer comme une solution raisonnable face \u00e0 la folie ambiante du syst\u00e8me \u00e9conomique et financier. Les finances solidaires permettent donc de r\u00e9pondre aux besoins de financement de projets \u00e9conomiques non satisfaits par le syst\u00e8me bancaire classique. En poursuivant votre navigation sur ce site, vous acceptez lutilisation de cookies \u00e0 des fins de mesure daudience.  Si le temps de la reprise dune activit\u00e9 normale dans les services semble d\u00e9sormais venu, celui de la fin dun dialogue social distanci\u00e9 est aussi..  La direction du pilotage de la performance gestionnaire et environnementale recherche un charg\u00e9 de mission FH \u00e9valuation. Poste Attach\u00e9 contractuel \u00e0 temps plein en remplacement de cong\u00e9 maternit\u00e9 de fin f\u00e9vrier 2010 \u00e0 ao\u00fbt 2010. Envoyez vos candidatures avant le 21 janvier 2010. Le virus est toujours l\u00e0 et nous pouvons tous \u00eatre contamin\u00e9s. Pour stopper la transmission, chacun doit \u00eatre responsable. Lassociation LE TERREAU est une structure dinsertion par lactivit\u00e9 \u00e9conomique qui porte un Jardin de Cocagne sur la commune de Cruas en Ard\u00e8che. Sa mission est de favoriser linsertion de personnes rencontrant des difficult\u00e9s sociales et professionnelles, via lactivit\u00e9 de.. L\u00e9l\u00e8ve doit fournir \u00e0 lAntenne R\u00e9gionale des Transports de la Dr\u00f4me : Convention Collective de lAide et du Maintien \u00e0 Domicile de mai 1983 <img decoding=\"async\" src=\"http:\/\/www.votrehebdo.fr\/photos\/communique-signature-ess-19novembre2015-5-1367867802.jpg\" alt=\"rencontres solidaires rh\u00f4ne alpes\" align=\"center\"> <img decoding=\"async\" src=\"http:\/\/www.fehap.fr\/upload\/docs\/image\/jpeg\/2018-04\/fehap_ara_rh_web.jpg\" alt=\"rencontres solidaires rh\u00f4ne alpes\" align=\"center\"> Les Civam de Rh\u00f4ne-Alpes recherchent leur animateur coordinateur r\u00e9gional FH. Le poste, en CDI, est bas\u00e9 \u00e0 Bourg les Valence et \u00e0 pourvoir au 18 janvier 2010. Envoyez vos candidatures avant le 23 d\u00e9cembre 2009. Conf\u00e9rence-d\u00e9bat organis\u00e9e par Survie Rh\u00f4ne en pr\u00e9sence Denis de Montgolfier, charg\u00e9 de cours \u00e0 lIEP de Lyon et journaliste qui enqu\u00eate depuis 4 ans sur 5 pr\u00e9sidents africains en exercice. Date de l\u00e9v\u00e9nement site_origine Ajouter un document Pour continuer \u00e0 visualiser cette page, fermer cette fen\u00eatre. Que dois-je faire en cas de d\u00e9m\u00e9nagement en cours dann\u00e9e scolaire? Nous avons tent\u00e9 de faire une enqu\u00eate aupr\u00e8s des conseils citoyens mais nous avons eu tr\u00e8s peu de retours. Les habitants qui composent les conseils citoyens ont, pour beaucoup, plus de 70 ans. Ils ne sortent pas et ne vont pas \u00eatre \u00e0 linitiative dactions port\u00e9es par le conseil citoyen, m\u00eame sils en ont tr\u00e8s envie. Objectif : promouvoir un d\u00e9veloppement \u00e9conomique solidaire et exemplaire. A chacun de trouver lengagement qui lui correspond au mieux En fonction de sa sensibilit\u00e9 et du temps dont il dispose..  : une \u00e9picerie gratuite anti-gaspillage, mont\u00e9e par des \u00e9tudiants pour les plus d\u00e9munis dentre eux au c\u0153ur de leur universit\u00e9 \u00e0 Rennes. Veuillez entrer votre identifiant et votre mot de passe lECOLE DE LA DEUXIME CHANCE 26-07 RECHERCHE UN MEDIATEUR SOCIAL. Laide dapproche sous forme dindemnit\u00e9 forfaitaire lorsque la distance qui s\u00e9pare le domicile du point de ramassage est sup\u00e9rieure \u00e0 3 km et que ce point de ramassage permet de rejoindre un transport organis\u00e9. La demande est \u00e0 effectuer en m\u00eame temps que linscription pour le car ou le train, avant le 20 juillet 2020. Le montant vers\u00e9 varie en fonction du statut de l\u00e9l\u00e8ve et du niveau de scolarit\u00e9 :.<\/p>\n","protected":false},"excerpt":{"rendered":"<p>rencontres solidaires rh\u00f4ne alpes<\/p>\n","protected":false},"author":1,"featured_media":0,"comment_status":"closed","ping_status":"closed","sticky":false,"template":"","format":"standard","meta":{"footnotes":""},"categories":[1],"tags":[],"_links":{"self":[{"href":"http:\/\/versa-line.com\/site\/wp-json\/wp\/v2\/posts\/4279"}],"collection":[{"href":"http:\/\/versa-line.com\/site\/wp-json\/wp\/v2\/posts"}],"about":[{"href":"http:\/\/versa-line.com\/site\/wp-json\/wp\/v2\/types\/post"}],"author":[{"embeddable":true,"href":"http:\/\/versa-line.com\/site\/wp-json\/wp\/v2\/users\/1"}],"replies":[{"embeddable":true,"href":"http:\/\/versa-line.com\/site\/wp-json\/wp\/v2\/comments?post=4279"}],"version-history":[{"count":1,"href":"http:\/\/versa-line.com\/site\/wp-json\/wp\/v2\/posts\/4279\/revisions"}],"predecessor-version":[{"id":4280,"href":"http:\/\/versa-line.com\/site\/wp-json\/wp\/v2\/posts\/4279\/revisions\/4280"}],"wp:attachment":[{"href":"http:\/\/versa-line.com\/site\/wp-json\/wp\/v2\/media?parent=4279"}],"wp:term":[{"taxonomy":"category","embeddable":true,"href":"http:\/\/versa-line.com\/site\/wp-json\/wp\/v2\/categories?post=4279"},{"taxonomy":"post_tag","embeddable":true,"href":"http:\/\/versa-line.com\/site\/wp-json\/wp\/v2\/tags?post=4279"}],"curies":[{"name":"wp","href":"https:\/\/api.w.org\/{rel}","templated":true}]}}