{"id":4271,"date":"2020-09-28T16:46:11","date_gmt":"2020-09-28T16:46:11","guid":{"rendered":"http:\/\/versa-line.com\/site\/?p=4271"},"modified":"2020-09-23T14:14:57","modified_gmt":"2020-09-23T14:14:57","slug":"5eme-rencontre-nationale-de-la-reussite-educative","status":"publish","type":"post","link":"http:\/\/versa-line.com\/site\/2020\/09\/28\/5eme-rencontre-nationale-de-la-reussite-educative\/","title":{"rendered":"5\u00e8me Rencontre Nationale De La R\u00e9ussite \u00c9ducative"},"content":{"rendered":"<p>Lenseignant r\u00e9f\u00e9rent sera votre interlocuteur privil\u00e9gi\u00e9, il fera le lien entre vous, lensemble des professionnels qui gravitent autour de votre enfant, et la maison d\u00e9partementale des personnes handicap\u00e9es tout au long de son parcours scolaire. Le Comit\u00e9 de validation dispose dun d\u00e9lai de 4 jours ouvr\u00e9s pour labelliser ou non l\u00e9v\u00e9nement, \u00e0 compter de la demande faite en ligne. Cr\u00e9ation du Conseil sup\u00e9rieur des programmesUn Conseil sup\u00e9rieur des programmes CSP est cr\u00e9\u00e9. Il a un r\u00f4le consultatif mais \u00e9met des avis reconnus pour leur valeur scientifique et p\u00e9dagogique. Ses diverses missions concernent l\u00e9tude : <img decoding=\"async\" src=\"http:\/\/www.lucifelr.ga\/images\/produits\/laboratoire-sinclair.jpg\" alt=\"5\u00e8me rencontre nationale de la r\u00e9ussite \u00e9ducative\" align=\"right\">  Les citations ne sont pas en italique mais en corps de texte normal. Elles sont entour\u00e9es par des guillemets fran\u00e7ais : et. <img decoding=\"async\" src=\"http:\/\/resize.over-blog.com\/300x200-ct.jpg?http:\/\/idata.over-blog.com\/3\/68\/34\/65\/DOCUMENT-PDF\/image-3\/AFFICHE_Croix_d-Argent_mai_2011.jpg\" alt=\"5\u00e8me rencontre nationale de la r\u00e9ussite \u00e9ducative\" align=\"left\"> Faire face aux violences : politiques gouvernementales et strat\u00e9gie des acteurs ; refonder un syst\u00e8me de valeurs r\u00e9publicaines ; red\u00e9finir les modalit\u00e9s dintervention institutionnelle, renforcer laction au niveau des \u00e9tablissements, construire une autorit\u00e9 p\u00e9dagogique T\u00e9moignages autour du, r\u00e9alis\u00e9 avec des enfants des \u00e9coles Jean-Mac\u00e9 et Henri-Wallon. Partagent avec vous leurs exp\u00e9riences, leur v\u00e9cu, leurs difficult\u00e9s et Ville de Saint-\u00c9tienne-du-Rouvray, en partenariat avec le Cirnef Champ changements et structures \u00e9ducatives, lUniversit\u00e9 de Rouen et gr\u00e2ce \u00e0 la mobilisation des membres du conseil consultatif du projet \u00e9ducatif local: Caisse dallocations familiales de Seine-Maritime, Direction d\u00e9partementale de la coh\u00e9sion sociale, pr\u00e9fecture de Seine-Maritime, \u00c9ducation nationale, Conf\u00e9d\u00e9ration syndicale des familles, Aspic, ACSH Association du centre social de La Houssi\u00e8re, Apele-Interlude, DDEN 76 d\u00e9l\u00e9gu\u00e9s d\u00e9partementaux de l\u00c9ducation nationale de Seine-Maritime.  ses professionnels partagent un cadre d\u00e9ontologique et une \u00e9thique ; A la rentr\u00e9e scolaire 2015, le RRS r\u00e9seau de r\u00e9ussite scolaire Hector Berlioz devient REP r\u00e9seau d\u00e9ducation prioritaire. Mon enfant peut-il passer le dipl\u00f4me national du brevet DNB \u00e0 l\u00e9tranger? A la rentr\u00e9e scolaire 2015, le RRS r\u00e9seau de r\u00e9ussite scolaire Pierre Mend\u00e8s France devient REP r\u00e9seau d\u00e9ducation prioritaire. Dexp\u00e9riences pour accompagner lentr\u00e9e dans la scolarit\u00e9 ; des projets men\u00e9s  Le Trin\u00f4me acad\u00e9mique est compos\u00e9 du g\u00e9n\u00e9ral de division Thierry Coqueblin, officier g\u00e9n\u00e9ral de la zone de d\u00e9fense et de s\u00e9curit\u00e9 du Nord, dEric Maquer, pr\u00e9sident de lassociation r\u00e9gionale des auditeurs de linstitut des hautes \u00e9tudes de d\u00e9fense nationale IHEDN et de Val\u00e9rie Cabuil, rectrice de r\u00e9gion acad\u00e9mique, rectrice de lacad\u00e9mie de Lille,chanceli\u00e8re des universit\u00e9s. 122 \u00e9coles hors contrat cr\u00e9\u00e9es cette ann\u00e9e Fondation pour l\u00e9cole La mise en forme de cet article est \u00e0 am\u00e9liorer octobre 2019. Pour plus dinformations, vous pouvez appeler le 0 800 12 25 00 num\u00e9ro vert gratuit. Dans ce contexte particulier, laccompagnement \u00e0 lorientation continue et prend de nouvelles formes. Le PPRE doit conduire \u00e0 une \u00e9valuation personnalis\u00e9e, fond\u00e9e sur lacquisition de comp\u00e9tences et les progr\u00e8s r\u00e9alis\u00e9s par l\u00e9l\u00e8ve plut\u00f4t qu\u00e0 une simple notation des r\u00e9sultats. 8 \u00e8me La faible implication des collectivit\u00e9s territoriales dans le fonctionnement des \u00e9tablissements, alors quelles sont tr\u00e8s attendues pour une bonne r\u00e9ussite de la reprise. Comment les enseignants r\u00e9pondent-ils aux revendications religieuses des \u00e9l\u00e8ves? enqu\u00eate Mars 2007 : GRENOBLE : 3\u00e8me Journ\u00e9e d\u00e9tude Le maire et le psychiatre : ensemble pour la sant\u00e9 mentale. Direction des Services D\u00e9partementaux de l\u00c9ducation Nationale de Maine-et-LoireCit\u00e9 administrative <img decoding=\"async\" src=\"http:\/\/photos.exportadapt.com\/34069\/340691504_2.jpg\" alt=\"5\u00e8me rencontre nationale de la r\u00e9ussite \u00e9ducative\" align=\"center\"> pDestin\u00e9e aux classes de primaire, de coll\u00e8ge et de lyc\u00e9e, cette plateforme interactive m\u00ealant habilement images, sons et vid\u00e9os invite \u00e0 d\u00e9couvrir une s\u00e9lection d\u0153uvres classiques, contemporaines ou jeunesse. Des pistes p\u00e9dagogiques permettent \u00e9galement un travail sur l\u00e9criture de chaque pi\u00e8ce et sur la vie de son auteur.brp.<\/p>\n","protected":false},"excerpt":{"rendered":"<p>5\u00e8me rencontre nationale de la r\u00e9ussite \u00e9ducative<\/p>\n","protected":false},"author":1,"featured_media":0,"comment_status":"closed","ping_status":"closed","sticky":false,"template":"","format":"standard","meta":{"footnotes":""},"categories":[1],"tags":[],"_links":{"self":[{"href":"http:\/\/versa-line.com\/site\/wp-json\/wp\/v2\/posts\/4271"}],"collection":[{"href":"http:\/\/versa-line.com\/site\/wp-json\/wp\/v2\/posts"}],"about":[{"href":"http:\/\/versa-line.com\/site\/wp-json\/wp\/v2\/types\/post"}],"author":[{"embeddable":true,"href":"http:\/\/versa-line.com\/site\/wp-json\/wp\/v2\/users\/1"}],"replies":[{"embeddable":true,"href":"http:\/\/versa-line.com\/site\/wp-json\/wp\/v2\/comments?post=4271"}],"version-history":[{"count":1,"href":"http:\/\/versa-line.com\/site\/wp-json\/wp\/v2\/posts\/4271\/revisions"}],"predecessor-version":[{"id":4272,"href":"http:\/\/versa-line.com\/site\/wp-json\/wp\/v2\/posts\/4271\/revisions\/4272"}],"wp:attachment":[{"href":"http:\/\/versa-line.com\/site\/wp-json\/wp\/v2\/media?parent=4271"}],"wp:term":[{"taxonomy":"category","embeddable":true,"href":"http:\/\/versa-line.com\/site\/wp-json\/wp\/v2\/categories?post=4271"},{"taxonomy":"post_tag","embeddable":true,"href":"http:\/\/versa-line.com\/site\/wp-json\/wp\/v2\/tags?post=4271"}],"curies":[{"name":"wp","href":"https:\/\/api.w.org\/{rel}","templated":true}]}}