{"id":4253,"date":"2020-09-28T00:26:29","date_gmt":"2020-09-28T00:26:29","guid":{"rendered":"http:\/\/versa-line.com\/site\/?p=4253"},"modified":"2020-09-23T13:05:34","modified_gmt":"2020-09-23T13:05:34","slug":"rencontre-andre-le-notre","status":"publish","type":"post","link":"http:\/\/versa-line.com\/site\/2020\/09\/28\/rencontre-andre-le-notre\/","title":{"rendered":"Rencontre Andre Le Notre"},"content":{"rendered":"<p>Entrez dans notre boutique Inter Caves, pour vos achats de vins, champagnes et spiritueux en toute occasion, du diner convivial daffaires ou entre amis ou pour un \u00e9v\u00e9nement dexception, anniversaire, r\u00e9ussite, naissance, rencontre ou c\u00e9l\u00e9bration dun mariage. Des incontournables mill\u00e9simes et l\u00e9gendaires r\u00e9f\u00e9rences, aux p\u00e9pites \u00e0 petits prix, en passant par nos s\u00e9lections et nouveaut\u00e9s de lann\u00e9e, faites-vous plaisir et trouvez le cadeau coup de c\u0153ur. Cap sur la Polyn\u00e9sie fran\u00e7aise, dans larchipel de la Soci\u00e9t\u00e9, pour d\u00e9couvrir lune des plus belles \u00eeles fran\u00e7aises et du monde!  Lancez-vous! Envoyez votre document \u00e0 Pascale : mediatheque.fr Les r\u00e9seaux sociaux permettent dam\u00e9liorer la convivialit\u00e9 du site et laffichage de lactualit\u00e9 de votre caviste <img decoding=\"async\" src=\"http:\/\/bookyourshow.fr\/bys\/wp-content\/uploads\/2015\/12\/7-Jours-3.jpg\" alt=\"rencontre andre le notre\" align=\"right\">  Carton de la tapisserie ex\u00e9cut\u00e9e \u00e0 la Manufacture des Gobelins pour la Galerie dApollon au Louvre. Transfert de propri\u00e9t\u00e9 au mus\u00e9e dEvreux en 2010. \u00c0 celui de Munich ; on y rencontre la m\u00eame absence des  <img decoding=\"async\" src=\"http:\/\/wp.niortenbulles.fr\/wp-content\/uploads\/2017\/01\/Obeir-1914.png\" alt=\"rencontre andre le notre\" align=\"center\"> Calqu\u00e9es sur le mod\u00e8le des universit\u00e9s inter-\u00e2ges ou des universit\u00e9s du temps libre acc\u00e8s ouvert \u00e0 tous sans condition d\u00e2ge ou de niveau d\u00e9tudes, ces conf\u00e9rences sont organis\u00e9es en cycles de 3 ou 4 s\u00e9ances. Chaque s\u00e9ance est toutefois con\u00e7ue comme un expos\u00e9 coh\u00e9rent pouvant \u00eatre suivi isol\u00e9ment. Ces conf\u00e9rences font le pari de la rencontre libre et \u00e9ducative entre sp\u00e9cialistes et grand public, dans un effort constant pour traiter les sujets de mani\u00e8re didactique et pluridisciplinaire. Les m\u00eames, pour la structure et le contenu en dehors de la d\u00e9dicace, Une description illustr\u00e9e des principales r\u00e9alisations, un r\u00e9sum\u00e9 ou extrait des principales publications. <img decoding=\"async\" src=\"http:\/\/www.fromtheteapot.com\/wp-content\/uploads\/2016\/03\/IMG_7247Risotto-Top-View_Edited.jpg\" alt=\"rencontre andre le notre\" align=\"left\"> Dapr\u00e8s LEquipe et la Provence, AVB na pas franchement \u00e9t\u00e9 rassur\u00e9 par les mots de son pr\u00e9sident. Le quotidien proven\u00e7al parle m\u00eame dun vrai doute chez le Special Two : Les positions des deux camps restent, pour lheure, tr\u00e8s \u00e9loign\u00e9es et le doute sinsinue in\u00e9vitablement sur lavenir du Lusitanien, m\u00eame si celui-ci se sent bien en Provence et aimerait poursuivre laventure. Les deux vont visiter le tout nouveau site de Marly, oeuvre de Jules Hardouin-Mansart Lautomne pr\u00e9c\u00e9dent, ce n\u00e9taient que prairies et terres labourables. Six mois plus tard, voici des bosquets, des bois touffus. Jamais personne, avant Louis XIV, navait \u00e0 telle \u00e9chelle pratiqu\u00e9 la transplantation darbres trentenaires. A vingt lieues, raconte Desgots il d\u00e9peuplait les campagnes de marronniers et de tilleuls. Visite guid\u00e9e : Andr\u00e9 Le N\u00f4tre en perspectives \u00e0 Versailles-Arts et sc\u00e8nes-T\u00e9l\u00e9rama.fr Nos sympathies les plus sinc\u00e8res, Ont va beaucoup sennuyer de ses connaissances, quand ont avaient une question technique sur lhuile, ont pouvais toujours compter sur une r\u00e9ponse. Tu imagines les souvenirs qui sont rest\u00e9s grav\u00e9s en nous? Quand tu chantes L\u00e9o Ferr\u00e9 devant plus de 2000 Boliviens en plein air.. Apr\u00e8s avoir pris la pause devant son portrait sur la Canebi\u00e8re, Villas-Boas est reparti chez lui \u00e0 Porto ce jeudi apr\u00e8s-midi. Sous contrat jusquen juin 2021, lancien coach de Chelsea et Tottenham va rentrer dans une vraie r\u00e9flexion sur son avenir. Ce formulaire est \u00e0 votre disposition pour nous signaler les probl\u00e8mes de bus. Ensemble exigeons le respect des horaires. Italie: le Premier ministre Conte entendu par un juge sur la gestion de la crise du Covid-19 Vous avez envoy\u00e9 votre avis. Ladminstrateur va valider votre avis. Merci!<\/p>\n","protected":false},"excerpt":{"rendered":"<p>rencontre andre le notre<\/p>\n","protected":false},"author":1,"featured_media":0,"comment_status":"closed","ping_status":"closed","sticky":false,"template":"","format":"standard","meta":{"footnotes":""},"categories":[1],"tags":[],"_links":{"self":[{"href":"http:\/\/versa-line.com\/site\/wp-json\/wp\/v2\/posts\/4253"}],"collection":[{"href":"http:\/\/versa-line.com\/site\/wp-json\/wp\/v2\/posts"}],"about":[{"href":"http:\/\/versa-line.com\/site\/wp-json\/wp\/v2\/types\/post"}],"author":[{"embeddable":true,"href":"http:\/\/versa-line.com\/site\/wp-json\/wp\/v2\/users\/1"}],"replies":[{"embeddable":true,"href":"http:\/\/versa-line.com\/site\/wp-json\/wp\/v2\/comments?post=4253"}],"version-history":[{"count":1,"href":"http:\/\/versa-line.com\/site\/wp-json\/wp\/v2\/posts\/4253\/revisions"}],"predecessor-version":[{"id":4256,"href":"http:\/\/versa-line.com\/site\/wp-json\/wp\/v2\/posts\/4253\/revisions\/4256"}],"wp:attachment":[{"href":"http:\/\/versa-line.com\/site\/wp-json\/wp\/v2\/media?parent=4253"}],"wp:term":[{"taxonomy":"category","embeddable":true,"href":"http:\/\/versa-line.com\/site\/wp-json\/wp\/v2\/categories?post=4253"},{"taxonomy":"post_tag","embeddable":true,"href":"http:\/\/versa-line.com\/site\/wp-json\/wp\/v2\/tags?post=4253"}],"curies":[{"name":"wp","href":"https:\/\/api.w.org\/{rel}","templated":true}]}}