{"id":4151,"date":"2020-09-28T18:26:15","date_gmt":"2020-09-28T18:26:15","guid":{"rendered":"http:\/\/versa-line.com\/site\/?p=4151"},"modified":"2020-09-23T08:00:58","modified_gmt":"2020-09-23T08:00:58","slug":"rencontre-europeenne-de-taize","status":"publish","type":"post","link":"http:\/\/versa-line.com\/site\/2020\/09\/28\/rencontre-europeenne-de-taize\/","title":{"rendered":"Rencontre Europ\u00e9enne De Taiz\u00e9"},"content":{"rendered":"<p>Nous r\u00e9inventons le marketing et la communication \u00e0 l\u00e8re de l\u00e9conomie de la relation. 40\u00e8me Rencontre europ\u00e9enne de Taiz\u00e9: Magazine sp\u00e9cial en Direct de B\u00e2le Pastorale danimation jeunesse Eglise catholique Vaud Bienvenue sur la page du groupe de Paris pour la Rencontre europ\u00e9enne de Taiz\u00e9 \u00e0 Wroclaw en Pologne! ::root.activation.text ::root.activation.toolbarText La page que vous recherchez nexiste plus. Vous pouvez peut-\u00eatre retourner sur la et voir si vous pouvez trouver ce que vous cherchez. Ou, vous pouvez essayer dutiliser le formulaire de recherche ci-dessous ICI.Radio-Canada.ca Youssef Chahed d\u00e9ment avoir \u00e9t\u00e9 convoqu\u00e9 par la Justice, le parquet \u00e9voque son \u00e9ventuelle audition-GlobalNet Tunisie Chaque ann\u00e9e les rencontres europ\u00e9ennes de Taiz\u00e9 r\u00e9unissent plusieurs dizaines de milliers de jeunes pour vivre lexp\u00e9rience de Taiz\u00e9 dans une grande capitale europ\u00e9enne. La prochaine rencontre europ\u00e9enne de jeunes a lieu en Pologne. Des jeunes de toute lEurope et dailleurs seront accueillis par les paroisses, les communaut\u00e9s et les habitants de la r\u00e9gion. Nice-Matin Pas de justice, pas de paix : plus dun millier de Bordelais marchent contre le racisme-Rue89 Bordeaux Pri\u00e8re du matin dans votre paroisse. Ensuite groupes de r\u00e9flexion et rencontres avec des personnes engag\u00e9es dans la vie de la communaut\u00e9 locale, puis d\u00e9part au centre-ville.  La v\u00e9rification e-mail a \u00e9chou\u00e9, veuillez r\u00e9essayer <img decoding=\"async\" src=\"http:\/\/img.bfmtv.com\/c\/1256\/708\/bfm\/862152.jpg\" alt=\"rencontre europ\u00e9enne de taiz\u00e9\" align=\"left\"> RCF est cr\u00e9\u00e9 en 1982, \u00e0 linitiative de larchev\u00eaque de Lyon, Monseigneur Decourtray, et du P\u00e8re Emmanuel Payen.   Question de s\u00e9curit\u00e9 : combien font douze douze? Zonebourse.com Patinage. Didier Gailhaguet attaque le minist\u00e8re des Sports en justice-Le Dauphin\u00e9 Lib\u00e9r\u00e9 <img decoding=\"async\" src=\"http:\/\/general.gabygannon.com\/wp-content\/uploads\/2015\/02\/guardiola_pep_11-700x325.jpg\" alt=\"rencontre europ\u00e9enne de taiz\u00e9\" align=\"right\"> <img decoding=\"async\" src=\"http:\/\/www.cath-vs.ch\/wp-content\/uploads\/2017\/11\/News-de-la-jeunesse-06.11.17-pdf.jpg\" alt=\"rencontre europ\u00e9enne de taiz\u00e9\" align=\"left\"> Op\u00e9ration militaire \u00e0 Tijuana contre les narcotrafiquants,, 4 janvier 2007.<\/p>\n","protected":false},"excerpt":{"rendered":"<p>rencontre europ\u00e9enne de taiz\u00e9<\/p>\n","protected":false},"author":1,"featured_media":0,"comment_status":"closed","ping_status":"closed","sticky":false,"template":"","format":"standard","meta":{"footnotes":""},"categories":[1],"tags":[],"_links":{"self":[{"href":"http:\/\/versa-line.com\/site\/wp-json\/wp\/v2\/posts\/4151"}],"collection":[{"href":"http:\/\/versa-line.com\/site\/wp-json\/wp\/v2\/posts"}],"about":[{"href":"http:\/\/versa-line.com\/site\/wp-json\/wp\/v2\/types\/post"}],"author":[{"embeddable":true,"href":"http:\/\/versa-line.com\/site\/wp-json\/wp\/v2\/users\/1"}],"replies":[{"embeddable":true,"href":"http:\/\/versa-line.com\/site\/wp-json\/wp\/v2\/comments?post=4151"}],"version-history":[{"count":1,"href":"http:\/\/versa-line.com\/site\/wp-json\/wp\/v2\/posts\/4151\/revisions"}],"predecessor-version":[{"id":4152,"href":"http:\/\/versa-line.com\/site\/wp-json\/wp\/v2\/posts\/4151\/revisions\/4152"}],"wp:attachment":[{"href":"http:\/\/versa-line.com\/site\/wp-json\/wp\/v2\/media?parent=4151"}],"wp:term":[{"taxonomy":"category","embeddable":true,"href":"http:\/\/versa-line.com\/site\/wp-json\/wp\/v2\/categories?post=4151"},{"taxonomy":"post_tag","embeddable":true,"href":"http:\/\/versa-line.com\/site\/wp-json\/wp\/v2\/tags?post=4151"}],"curies":[{"name":"wp","href":"https:\/\/api.w.org\/{rel}","templated":true}]}}