{"id":4133,"date":"2020-09-28T19:12:07","date_gmt":"2020-09-28T19:12:07","guid":{"rendered":"http:\/\/versa-line.com\/site\/?p=4133"},"modified":"2020-09-23T07:46:34","modified_gmt":"2020-09-23T07:46:34","slug":"rencontre-franco-allemande-cologne","status":"publish","type":"post","link":"http:\/\/versa-line.com\/site\/2020\/09\/28\/rencontre-franco-allemande-cologne\/","title":{"rendered":"Rencontre Franco Allemande Cologne"},"content":{"rendered":"<p>Malheureusement cette r\u00e9servation ne peut \u00eatre modifi\u00e9e. Merci dappeler directement lagence pour proc\u00e9der \u00e0 la modification.  Fournisseur dans le domaine de laviation TOTAL Deutschland GmbH  Eine Gruppe deutscher Epidemiologen hat sich auf den Weg gemacht, Kolumbien beim Ausbau seiner Testkapazit\u00e4ten zu unterst\u00fctzen. Denn um die Ausbreitung von Corona wirkungsvoll zu bek\u00e4mpfen, muss man wissen, wo es am meisten Infektionen gibt. Nous avons donc voulu un peu d\u00e9poussi\u00e9rer ces \u00e9lections qui en avaient bien besoin, et tenter de toucher le plus grand nombre afin que les conseillers fra\u00eechement \u00e9lus disposent dune forte l\u00e9gitimit\u00e9 d\u00e9mocratique. Le R\u00e9seau franco-allemand se r\u00e9unit tous les ans, \u00e0 lautomne, \u00e0 tour de r\u00f4le en Allemagne, en Belgique, en France, en Suisse et en Autriche. Ces rencontres sont ouvertes \u00e0 tous les interpr\u00e8tes et traducteurs int\u00e9ress\u00e9s, membres ou non des associations organisatrices. Les sujets abord\u00e9s g\u00e9n\u00e9ralement sous forme datelier ou dexpos\u00e9 suivi de questions-r\u00e9ponses sont dordre pratique, bas\u00e9s sur lexp\u00e9rience des participants. Les objectifs sont de r\u00e9pondre aux probl\u00e8mes quotidiens des professionnels, douvrir de nouveaux horizons et dapporter des suggestions dans loptique g\u00e9n\u00e9rale de la qualit\u00e9 et aussi de permettre aux participants de faire la connaissance de cons\u0153urs et de confr\u00e8res, un autre avantage de ce type de rencontre. Ainsi se sont cr\u00e9\u00e9es, tout naturellement, des coop\u00e9rations qui vont de laide ponctuelle pour la traduction dun terme ou dune expression \u00e0 l\u00e9change de prestations compl\u00e8tes de traduction ou dinterpr\u00e9tariat. Les seules r\u00e8gles prescrites par le R\u00e9seau franco-allemand sont d\u00e9ontologiques. Actuellement \u00e9tudiante \u00e0 lIAE de Lyon School of Management, je suis \u00e0 la recherche dun stage de communicationmarketing dans le secteur cin\u00e9matographique. Chercheur CNRS au Centre de recherches politiques de Sciences Po CEVIPOF, Paris, cofondateur du r\u00e9seau D\u00e9mocratie \u00e9lectronique DEL Pour toute question suppl\u00e9mentaire, merci de bien vouloir contacter Les autorit\u00e9s sanitaires suisses ont impos\u00e9 aux organisateurs dannuler la 90e \u00e9dition du Geneva International Motor Show. La d\u00e9cision fait suite aux recommandations de lOFSP et du m\u00e9decin cantonal genevois. Ce coup de th\u00e9\u00e2tre, premier en date dans le secteur de lautomobile, a d\u00e9j\u00e0 des pour divers acteurs de cette industrie. Mention sp\u00e9ciale au constructeur malgr\u00e9 lannonce des organisateurs. <img decoding=\"async\" src=\"http:\/\/confluencezusammenfluss.o.c.f.unblog.fr\/files\/2016\/03\/meteo-cologne.png\" alt=\"rencontre franco allemande cologne\" align=\"left\"> <img decoding=\"async\" src=\"http:\/\/www.cpcvaquitaine.org\/wp-content\/uploads\/2017\/02\/DSC_0401.jpg\" alt=\"rencontre franco allemande cologne\" align=\"left\">  Nous travaillons dur pour fournir un service client exceptionnel, des v\u00e9hicules modernes haut de gamme. Nos agences vous offrent une s\u00e9lection compl\u00e8te et vari\u00e9e de v\u00e9hicules pour r\u00e9pondre \u00e0 vos besoins de mobilit\u00e9. Y compris les berlines, les berlines familiales, les porteurs de personnes, les d\u00e9capotables, les 4&#215;4, les minibus et les voitures de luxe. Apr\u00e8s avoir arpent\u00e9, samedi apr\u00e8s-midi, des all\u00e9es livr\u00e9es aux effluves de vin chaud et d\u00e9pices, tapiss\u00e9es de copeaux de bois et bord\u00e9es de sapins, nous avons mis nos papilles \u00e0 l\u00e9preuve lors dun d\u00eener typique au restaurant Badisches Brauhaus. Exposant: Paris 2010, 2018, 2019 et Cologne 2017, 2018 <img decoding=\"async\" src=\"http:\/\/www.edmichelet-brive.fr\/web\/IMG\/jpg\/IMG_1439mm.jpg\" alt=\"rencontre franco allemande cologne\" align=\"right\"> Mon plus grand d\u00e9fi aujourdhui est denrichir ma double nationalit\u00e9 juridique : je dois et souhaite parfaitement conna\u00eetre le droit allemand alors que je lai appris en moins dun an, sans avoir suivi de cursus de droit allemand classique. Cest encore l\u00c9cole de droit de Sciences Po qui ma donn\u00e9 les outils afin de faire face \u00e0 cette situation : pendant le Master, nous devions assimiler des notions complexes en peu de temps, apprendre quelques points de droit par nous-m\u00eame les comp\u00e9tences que jutilise au quotidien. Il semble que cela fonctionne : mes coll\u00e8gues sont tr\u00e8s ouverts, connaissent mon parcours et le valorisent. De fait, les retours sur ma formation sont positifs en Allemagne. Pour plus dinformations sur lassociation Freunde des Belgischen Hauses e.V, veuillez consulter le point ci-dessous asset_icon_arrow_down asset_icon_burger asset_icon_close asset_icon_dailymotion asset_icon_facebook asset_icon_fullscreen asset_icon_hidevid asset_icon_img_defaut asset_icon_instagram asset_icon_newsletter asset_icon_podcast asset_icon_showvid asset_icon_twitter asset_icon_youtube.<\/p>\n","protected":false},"excerpt":{"rendered":"<p>rencontre franco allemande cologne<\/p>\n","protected":false},"author":1,"featured_media":0,"comment_status":"closed","ping_status":"closed","sticky":false,"template":"","format":"standard","meta":{"footnotes":""},"categories":[1],"tags":[],"_links":{"self":[{"href":"http:\/\/versa-line.com\/site\/wp-json\/wp\/v2\/posts\/4133"}],"collection":[{"href":"http:\/\/versa-line.com\/site\/wp-json\/wp\/v2\/posts"}],"about":[{"href":"http:\/\/versa-line.com\/site\/wp-json\/wp\/v2\/types\/post"}],"author":[{"embeddable":true,"href":"http:\/\/versa-line.com\/site\/wp-json\/wp\/v2\/users\/1"}],"replies":[{"embeddable":true,"href":"http:\/\/versa-line.com\/site\/wp-json\/wp\/v2\/comments?post=4133"}],"version-history":[{"count":1,"href":"http:\/\/versa-line.com\/site\/wp-json\/wp\/v2\/posts\/4133\/revisions"}],"predecessor-version":[{"id":4134,"href":"http:\/\/versa-line.com\/site\/wp-json\/wp\/v2\/posts\/4133\/revisions\/4134"}],"wp:attachment":[{"href":"http:\/\/versa-line.com\/site\/wp-json\/wp\/v2\/media?parent=4133"}],"wp:term":[{"taxonomy":"category","embeddable":true,"href":"http:\/\/versa-line.com\/site\/wp-json\/wp\/v2\/categories?post=4133"},{"taxonomy":"post_tag","embeddable":true,"href":"http:\/\/versa-line.com\/site\/wp-json\/wp\/v2\/tags?post=4133"}],"curies":[{"name":"wp","href":"https:\/\/api.w.org\/{rel}","templated":true}]}}