{"id":4115,"date":"2020-09-28T17:13:32","date_gmt":"2020-09-28T17:13:32","guid":{"rendered":"http:\/\/versa-line.com\/site\/?p=4115"},"modified":"2020-09-23T06:49:51","modified_gmt":"2020-09-23T06:49:51","slug":"rencontre-avec-le-printemps-poesie-illustration","status":"publish","type":"post","link":"http:\/\/versa-line.com\/site\/2020\/09\/28\/rencontre-avec-le-printemps-poesie-illustration\/","title":{"rendered":"Rencontre Avec Le Printemps Poesie Illustration"},"content":{"rendered":"<p> La po\u00e9sie \u00e9veille le corps, et celui-ci inspire le mouvement. Danser le tango en m\u00eame temps que r\u00e9citer des po\u00e8mes est une exp\u00e9rience contemplative et expressive: le danseur-partenaire sinspire des paroles pour proposer des figures de tango. Celles-ci sont alors teint\u00e9es de mots po\u00e9tiques lanc\u00e9s et r\u00e9cit\u00e9s au gr\u00e8s des pas de la danse. Le rapport danseur-danseuse senrichit dans un dialogue et cr\u00e9ativit\u00e9 mutuelle. Traquer des trucs, accommoder les restes, construire, accumuler, d\u00e9faire des \u00e9quilibres instables. Ce dessinateur entre aux Studios Ellipse \u00e0 Paris, en 1989, afin de collaborer \u00e0 la s\u00e9rie Babar. Sil raconte un voyage, cest un voyage en enfer. Celui denfants, de femmes et de hommes confront\u00e9s \u00e0 des situations extr\u00eames qui leurs ont fait perdre leurs voix, leurs pays, leurs noms et leurs vies et les ont d\u00e9pouill\u00e9s de leur humanit\u00e9. SAINT-PAUL-LE-JEUNE Chapeau pour couvrir les frais <img decoding=\"async\" src=\"http:\/\/www.chinon-vienne-loire.fr\/wp-content\/uploads\/2015\/02\/Affiche2015_printemps.jpg\" alt=\"rencontre avec le printemps poesie illustration\" align=\"left\"> Atelier po\u00e9tique jeune public au March\u00e9 de la po\u00e9sie N\u00e9e en 1947, Yvette Th\u00e9raulaz entre au Th\u00e9\u00e2tre populaire romand TPR dans la troupe de Charles Joris d\u00e8s 1965 et participe en1974 \u00e0 la cr\u00e9ation dun collectif, \u00e0 Gen\u00e8ve, le TAct. Au th\u00e9\u00e2tre, elle a jou\u00e9 aussi bien dans des pi\u00e8ces de Walser, Claudel, Tchekhov, Ostrovsky, Dosto\u00efevski, Lagarce, Duras ou Ibsen, et parall\u00e8lement \u00e0 sa carri\u00e8re th\u00e9\u00e2trale, a r\u00e9alis\u00e9 de nombreux spectacles de chansons, parmi lesquels Se faire un horizon 2000, \u00c0 Tu et \u00e0 Toi 2005, Histoires delles 2007, Comme un vertige 2011 et Les Ann\u00e9es 2013. \u00c0 Metz en Moselle, La Maison natale, 2 rue Haute-Pierre, devenue Maison d\u00e9crivain et de Patrimoine litt\u00e9raire. La ville de Vence organise son premier concours de po\u00e9sie ouvert \u00e0 tous les participants \u00e9crivant en langue fran\u00e7aise 3. Troisi\u00e8me \u00e9tape, calculons la quantit\u00e9 de nourriture n\u00e9cessaire pour 1 semaine : En tant quamoureux \u00e9conduit par une femme se pr\u00e9nommant Annie, le po\u00e8te \u00e9crit le po\u00e8me La Chanson du mal-aim\u00e9. Son po\u00e8me le plus connu reste Le Pont Mirabeau. Paru en 1912, il \u00e9voque lamour face \u00e0 l\u00e9preuve du temps qui passe Vienne la nuit, sonne lheure Les jours sen vont je demeure. Le calligrafe : la po\u00e9sie engag\u00e9e et imag\u00e9e. 10h Lecture des po\u00e8mes expos\u00e9s en section adulte et r\u00e9alis\u00e9s par les groupes des ateliers po\u00e9sie du FOJ-FAM-FOYER DE VIE LA MARCELLINE et le CMP de Vence. TH\u00c9\u00c2TRE DE LAVANT-SC\u00c8NE Un num\u00e9ro de t\u00e9l\u00e9phone est compos\u00e9 de 10 chiffres quon lit le plus souvent deux par deux. Ce matin les avions on repris leurs vols en Chine. Voici la premi\u00e8re histoire : Le fils de Nasreddine \u00e0 \u00e9couter : Avec de multiples codes \u00e0 conna\u00eetre, l\u00e9tude dune \u0153uvre se fait en lien avec les m\u0153urs de l\u00e9poque et le contexte politique. Id\u00e9al de tendresse, esp\u00e9rance de r\u00e9paration, construction du lien autant de pistes qui ouvrent de nouvelles voies de r\u00e9flexion. N\u00e9e en Jam\u00e9sie, au nord-ouest du Qu\u00e9bec, Virginia P\u00e9s\u00e9map\u00e9o Bordeleau est une po\u00e8te et une artiste multidisciplinaire, dorigine crie. En 2006, elle obtient le prix dexcellence en r\u00e9gion remis par le Conseil des arts et lettres du Qu\u00e9bec et la mention T\u00e9l\u00e9-Qu\u00e9bec en po\u00e9sie. Elle publie un premier roman, Ourse Bleue en 2007 chez La Pleine Lune. En 2012, elle est laur\u00e9ate pour le Prix litt\u00e9raire de lAbitibi-T\u00e9miscamingue. Elle a publi\u00e9 un recueil de po\u00e8mes chez M\u00e9moire dencrier, De rouge et de blanc, puis en 2013 para\u00eet le roman Lamant du lac et en 2014, Lenfant hiver. Ses derniers recueils de po\u00e9sie, Je te veux vivant, 2016, et Po\u00e9sie en marche pour Sind, 2018, ont \u00e9t\u00e9 publi\u00e9s aux \u00c9ditions du Quartz.  <img decoding=\"async\" src=\"http:\/\/www.poesie-jacques-bec.fr\/programme-festival2016-piece-jointe.jpg\" alt=\"rencontre avec le printemps poesie illustration\" align=\"left\">  <img decoding=\"async\" src=\"http:\/\/www.lavirevolte.com\/wp-content\/uploads\/2016\/09\/affiche_campo2-212x300.jpg\" alt=\"rencontre avec le printemps poesie illustration\" align=\"right\"> musiciens, po\u00e8tes saccordaient dans la volont\u00e9 de continuer le combat, lAutre Combat, b Je suis compris entre 200 000 et 300 000 et un seul chiffre suffit \u00e0 m\u00e9crire. \u00c2 Le po\u00c3te Herv\u00c3 El\u00c3ouet pr\u00c3side l\u00e2association \u00c2 Compter lez girafes \u00c2 qui organise \u00c3 Brest une action originale : le jeu des Po\u00c3tickets. Au gr\u00c3 de son inspiration, chacun est invit\u00c3 \u00c3 \u00c3crire un court po\u00c3me sur un ticket de son choix bus, parking, cin\u00c3ma \u00e2 et \u00c3 le d\u00c3poser dans une des urnes install\u00c3es \u00c3\u00c3 et l\u00c3 dans la ville. Ce projet insolite fonctionne chaque printemps depuis plusieurs ann\u00c3es. Facilement transf\u00c3rable ou adaptable, y compris dans les \u00c3tablissements scolaires, il montre comment offrir l\u00e2\u00c3criture po\u00c3tique \u00c3 chacun, la diffuser dans la cit\u00c3, la faire vibrer dans le quotidien. L\u00e2\u00c3dition 2013 fait \u00c3cho au th\u00c3me central du Printemps des po\u00c3tes\u00c2 puisqu\u00e2elle a choisi de s\u00e2int\u00c3resser aux \u00c2\u00c2 petites voix\u00c2 \u00c2.<\/p>\n","protected":false},"excerpt":{"rendered":"<p>rencontre avec le printemps poesie illustration<\/p>\n","protected":false},"author":1,"featured_media":0,"comment_status":"closed","ping_status":"closed","sticky":false,"template":"","format":"standard","meta":{"footnotes":""},"categories":[1],"tags":[],"_links":{"self":[{"href":"http:\/\/versa-line.com\/site\/wp-json\/wp\/v2\/posts\/4115"}],"collection":[{"href":"http:\/\/versa-line.com\/site\/wp-json\/wp\/v2\/posts"}],"about":[{"href":"http:\/\/versa-line.com\/site\/wp-json\/wp\/v2\/types\/post"}],"author":[{"embeddable":true,"href":"http:\/\/versa-line.com\/site\/wp-json\/wp\/v2\/users\/1"}],"replies":[{"embeddable":true,"href":"http:\/\/versa-line.com\/site\/wp-json\/wp\/v2\/comments?post=4115"}],"version-history":[{"count":1,"href":"http:\/\/versa-line.com\/site\/wp-json\/wp\/v2\/posts\/4115\/revisions"}],"predecessor-version":[{"id":4116,"href":"http:\/\/versa-line.com\/site\/wp-json\/wp\/v2\/posts\/4115\/revisions\/4116"}],"wp:attachment":[{"href":"http:\/\/versa-line.com\/site\/wp-json\/wp\/v2\/media?parent=4115"}],"wp:term":[{"taxonomy":"category","embeddable":true,"href":"http:\/\/versa-line.com\/site\/wp-json\/wp\/v2\/categories?post=4115"},{"taxonomy":"post_tag","embeddable":true,"href":"http:\/\/versa-line.com\/site\/wp-json\/wp\/v2\/tags?post=4115"}],"curies":[{"name":"wp","href":"https:\/\/api.w.org\/{rel}","templated":true}]}}