{"id":4091,"date":"2020-09-28T02:00:27","date_gmt":"2020-09-28T02:00:27","guid":{"rendered":"http:\/\/versa-line.com\/site\/?p=4091"},"modified":"2020-09-23T04:59:32","modified_gmt":"2020-09-23T04:59:32","slug":"rencontre-obama-erdogan","status":"publish","type":"post","link":"http:\/\/versa-line.com\/site\/2020\/09\/28\/rencontre-obama-erdogan\/","title":{"rendered":"Rencontre Obama Erdogan"},"content":{"rendered":"<p>Le pr\u00e9sident du Conseil europ\u00e9en Donald Tusk a pr\u00e9sent\u00e9 ce matin \u00e0 La Valette le projet d.. Quand lOccident tergiverse, condamne et sinsurge, Poutine, lui, n\u00e9gocie. Avec un r\u00e9sultat pour le moins probant : mardi 22 octobre, \u00e0 lissue d-la septi\u00e8me cette ann\u00e9e, Recep Tayyip Erdogan a indiqu\u00e9 quun accord historique sur la Syrie avait \u00e9t\u00e9 sign\u00e9. Un accord annonc\u00e9 \u00e0 lissue de la pause \u00c0 son article 4, le texte pr\u00e9voit quune plateforme doit retirer en une heure un contenu signal\u00e9 comme terroriste par les autorit\u00e9s. Aucune petite ou moyenne plateforme ne peut r\u00e9pondre \u00e0 une telle demande, ayant rarement des techniciens travaillant la nuit ou le week-end. Ces plateformes nauront dautres choix que demp\u00eacher en amont la mise en ligne du moindre contenu suspect en utilisant la liste noire fournie par les g\u00e9ants du Web. Cest pr\u00e9cis\u00e9ment lobjectif annonc\u00e9 depuis 2015 par la Commission, et aucun de nos interlocuteurs minist\u00e8res, d\u00e9put\u00e9s na jamais pris la peine de le nier. Le pr\u00e9sident turc a ajout\u00e9 que la premi\u00e8re livraison du syst\u00e8me de d\u00e9fense antimissile S-400 aurait lieu dans les dix jours. Les deux pr\u00e9sidents, ici en novembre 2015, se retrouveront en t\u00eate \u00e0 t\u00eate en Chine. Photo: AFPOzan Kose La rencontre bilat\u00e9rale entre Barack Obama et le pr\u00e9sident Erdogan intervient apr\u00e8s que les relations entre les deux pays se sont tendues. Les remarques de la Maison Blanche et du d\u00e9partement dEtat pendant la r\u00e9pression qui a suivi la tentative de coup dEtat ont fortement d\u00e9plu \u00e0 Ankara. Et la sourde oreille de Washington concernant menace un partenariat dans la r\u00e9gion, essentiel pour les Am\u00e9ricains. Nh\u00e9sitez pas \u00e0 partager et \u00e0 aimer si le c\u0153ur vous en dit! Namast\u00e9 ANI-Le 6 mai 2018, les \u00e9lections l\u00e9gislatives ont eu lieu apr\u00e8s neuf ans dabsence e <img decoding=\"async\" src=\"http:\/\/www.godakar.sn\/IMG\/arton4724.jpg\" alt=\"rencontre obama erdogan\" align=\"right\"> Vandaliser les tombes juives nest pas un ph\u00e9nom\u00e8ne nouveau. Et la r\u00e9gion du Bas-Rhin est malheureusement coutumi\u00e8re des faits  Ankara consid\u00e8re les YPG et le parti auquel ils sont rattach\u00e9s, le PYD, comme des organisations terroristes, bien quils soient \u00e9paul\u00e9s par Washington, alli\u00e9 traditionnel de la Turquie.  Votre seul journal en langue fran\u00e7aise du Vietnam. \u00c9diteur : Agence Vietnamienne dInformation Suivez les nouvelles de lAgence Nationale de lInformation sur les ondes de Radio Liban 96.2, 98.1 et 98.5 FM M. Erdogan a \u00e9galement rencontr\u00e9 le vice-pr\u00e9sident am\u00e9ricain Joe Biden. Les deux hommes ont r\u00e9affirm\u00e9 lalliance \u00e9troite entre les Etats-Unis et la Turquie et leur intention commune de vaincre lEI, selon un communiqu\u00e9 de la vice-pr\u00e9sidence am\u00e9ricaine. Rencontre pas annonc\u00e9e Barack Obama avait abandonn\u00e9 lid\u00e9e des frappes sur la Syrie en 2013, Donald..  Newsletter Veuillez entrer une adresse valide Please accept our terms of service and privacy policy En cliquant sur Sinscrire, je reconnais avoir pris connaissance de la du HuffPost et des droits dont je dispose sur mes donn\u00e9es personnelles <img decoding=\"async\" src=\"http:\/\/scd.france24.com\/en\/files\/imagecache\/france24_large_652_338\/article\/image\/macron-conte-rencontre.jpg\" alt=\"rencontre obama erdogan\" align=\"center\"> Cette exp\u00e9rience est la premi\u00e8re dune s\u00e9rie de dix soutenances de th\u00e8ses de doctorat qui se.. Les relations entre les deux pays semblent \u00eatre plus tendues que dans un pass\u00e9 encore r\u00e9cent. Le 7 f\u00e9vrier, apr\u00e8s larriv\u00e9e de Brett McGurk, lenvoy\u00e9 sp\u00e9cial du pr\u00e9sident am\u00e9ricain pour la coalition internationale anti-djihadiste dans la ville syrienne de Koban\u00e9 contr\u00f4l\u00e9e par des Unit\u00e9s de protection du peuple YPG, Recep Tayyip Erdogan avait appel\u00e9 les Etats-Unis \u00e0 choisir entre Ankara et le peuple kurde. <img decoding=\"async\" src=\"http:\/\/thecartoonistbe.webhosting.be\/wp-content\/uploads\/2016\/12\/Max%20Tilgenkamp\/metro-31-11-02-2014.jpg\" alt=\"rencontre obama erdogan\" align=\"center\"> Le pr\u00e9sident am\u00e9ricain ne devrait pas avoir de rencontre bilat\u00e9rale avec son lors de sa visite \u00e0 Washington cette semaine pour un sommet sur la s\u00e9curit\u00e9 nucl\u00e9aire, illustrant la profondeur des divisions entre les deux alli\u00e9s. Plusieurs chefs d\u00c9tat sont attendus dans la capitale am\u00e9ricaine jeudi et vendredi pour la quatri\u00e8me \u00e9dition du Sommet sur la s\u00e9curit\u00e9 nucl\u00e9aire. \u00c0 cette occasion, ne devrait avoir de t\u00eate-\u00e0-t\u00eate quavec son homologue chinois Xi Jingping, a annonc\u00e9 un responsable am\u00e9ricain. Proches alli\u00e9s de lOtan Depuis le, les relations entre la Turquie et les Etats-Unis. Les tentatives de son secr\u00e9taire d\u00c9tat John Kerry nayant rien donn\u00e9, Barack Obama rencontrera dimanche en Chine, en marge dun sommet du G20, le pr\u00e9sident turc Recep Tayyip Erdogan. Les deux hommes ne se sont pas crois\u00e9s depuis un sommet de lOTAN en Pologne, le 8 juillet dernier. Ankara poursuit pourtant son offensive sur le sol syrien Syrie contre le groupe \u00c9tat islamique et contre des Kurdes soutenus par les \u00c9tats-Unis. Au cours du G20, Obama a signifi\u00e9 que les \u00c9tats-Unis collaboreraient pour d\u00e9masquer les auteurs du coup d\u00c9tat du 15 juillet, mais quErdogan, r\u00e9formateur au d\u00e9but de sa carri\u00e8re politique, devrait sen souvenir maintenant quil est plus exp\u00e9riment\u00e9. Visiblement, le pr\u00e9sident am\u00e9ricain a pr\u00e9f\u00e9r\u00e9 m\u00e9nager son homologue, qui lui a par ailleurs fait comprendre que la lutte contre le terrorisme doit rester une priorit\u00e9 entre alli\u00e9s, en mentionnant notamment deux groupes kurdes originaires de Syrie, rapporte. Nous nous avons lautre \u00e0 lElys\u00e9e et maintenant je ne sais si cest la col\u00e8re qui lemporte sur la honte, mais cet \u00e9tat desprit touche de plus en plus mes compatriotes Comme souvent, les h\u00e9rauts de la justice et de la droiture ont lindignation toute relative Avec la newsletter quotidienne du HuffPost, recevez par email les infos les plus importantes et les meilleurs articles du jour. Offrir la possibilit\u00e9 de sauvegarder les donn\u00e9es de connexion pour que vous ne deviez pas les saisir \u00e0 chaque fois Castaner : limpardonnable forfaiture La mesure est comble et la l\u00e2chet\u00e9 du ministre de lInt\u00e9rieur commence \u00e0 devenir non dissimulable. Apr\u00e8s le magnifique soup\u00e7on av\u00e9r\u00e9 de .<\/p>\n","protected":false},"excerpt":{"rendered":"<p>rencontre obama erdogan<\/p>\n","protected":false},"author":1,"featured_media":0,"comment_status":"closed","ping_status":"closed","sticky":false,"template":"","format":"standard","meta":{"footnotes":""},"categories":[1],"tags":[],"_links":{"self":[{"href":"http:\/\/versa-line.com\/site\/wp-json\/wp\/v2\/posts\/4091"}],"collection":[{"href":"http:\/\/versa-line.com\/site\/wp-json\/wp\/v2\/posts"}],"about":[{"href":"http:\/\/versa-line.com\/site\/wp-json\/wp\/v2\/types\/post"}],"author":[{"embeddable":true,"href":"http:\/\/versa-line.com\/site\/wp-json\/wp\/v2\/users\/1"}],"replies":[{"embeddable":true,"href":"http:\/\/versa-line.com\/site\/wp-json\/wp\/v2\/comments?post=4091"}],"version-history":[{"count":1,"href":"http:\/\/versa-line.com\/site\/wp-json\/wp\/v2\/posts\/4091\/revisions"}],"predecessor-version":[{"id":4092,"href":"http:\/\/versa-line.com\/site\/wp-json\/wp\/v2\/posts\/4091\/revisions\/4092"}],"wp:attachment":[{"href":"http:\/\/versa-line.com\/site\/wp-json\/wp\/v2\/media?parent=4091"}],"wp:term":[{"taxonomy":"category","embeddable":true,"href":"http:\/\/versa-line.com\/site\/wp-json\/wp\/v2\/categories?post=4091"},{"taxonomy":"post_tag","embeddable":true,"href":"http:\/\/versa-line.com\/site\/wp-json\/wp\/v2\/tags?post=4091"}],"curies":[{"name":"wp","href":"https:\/\/api.w.org\/{rel}","templated":true}]}}