{"id":4085,"date":"2020-09-28T08:10:24","date_gmt":"2020-09-28T08:10:24","guid":{"rendered":"http:\/\/versa-line.com\/site\/?p=4085"},"modified":"2020-09-23T04:43:37","modified_gmt":"2020-09-23T04:43:37","slug":"rencontres-front-national","status":"publish","type":"post","link":"http:\/\/versa-line.com\/site\/2020\/09\/28\/rencontres-front-national\/","title":{"rendered":"Rencontres Front National"},"content":{"rendered":"<p><img decoding=\"async\" src=\"http:\/\/img.over-blog-kiwi.com\/1\/40\/08\/03\/20160706\/ob_85b8b7_permouverte.jpg\" alt=\"rencontres front national\" align=\"left\"> Gilles Ivaldi, Du n\u00e9olibralisme au social-populisme?, dans Sylvain Cr\u00e9pon, Alexandre D\u00e9z\u00e9,, Les Faux-semblants du Front national : sociologie dun parti politique,, 2015, p 170-181. Un membre du FN souhaitant rester anonyme nous explique que cest, une plume de Marine Le Pen, au parcours difficilement tra\u00e7able, qui est en charge dorganiser un \u00e9ventuel d\u00e9placement en Russie. R\u00e9ponse de Bertrand Dutheil de La Roch\u00e8re : LAPF a \u00e9t\u00e9 inform\u00e9e a post\u00e9riori de cette initiative et elle en est \u00e9galement choqu\u00e9e. Elle ne peut pas non plus accepter cette tentative dinstrumentalisation politique. A J-3 du premier tour de l\u00e9lection pr\u00e9sidentielle, la r\u00e9daction de LUsine Nouvelle vous Nicolas Dupont-Aignan a propos\u00e9 dimanche \u00e0 ses homologues de LR et du Front national, Laurent Wauquiez et Marine Le Pen, une rencontre pour \u00e9voquer un sujet qui selon lui les rapproche : limmigration. 10Sous le r\u00e9gime de Nimeiry, ceux-ci ont \u00e9largi leur base en int\u00e9grant de nombreuses autres associations musulmanes. Ce qui fait dire \u00e0 Hassan al-Turabi, quand on linterroge sur les Fr\u00e8res musulmans dont il est devenu le dirigeant au milieu des ann\u00e9es 60 pour lembarrasser \u00e0 propos de leur participation au pouvoir de 1977 \u00e0 1985, quil nexiste rien qui corresponde \u00e0 ce que vous appelez les Fr\u00e8res musulmans. La seule organisation autoris\u00e9e dans les derni\u00e8res ann\u00e9es de la pr\u00e9sidence de Nimeiry est en effet lUnion socialiste. Le caract\u00e8re clandestin de lorganisation des Fr\u00e8res musulmans ne permet dailleurs pas \u00e0 Turabi den dire plus sur leur action. Toutefois, leur force se r\u00e9v\u00e8le clairement lors de la manifestation dite du million organis\u00e9e en soutien aux lois de septembre de 1983, promulgu\u00e9es par Nimeiry et qualifi\u00e9es par lui de purement islamiques.  Interdire toute binationalit\u00e9? En d\u00e9placement au Liban, Marine Le Pen a nuanc\u00e9 cette promesse frontiste, envisageant notamment des accords bilat\u00e9raux avec certains pays. En pr\u00e9sence dIsabelle von Bueltzingsloewen, Professeure en Histoire de la sant\u00e9 \u00e0 lUniversit\u00e9 Lyon 2  Votre adresse email sera uniquement utilis\u00e9e par la soci\u00e9t\u00e9 M6 Web pour vous adresser votre newsletter. Le sociologue Sylvain Cr\u00e9pon montre, pour ce qui est du militantisme au sein de ce mouvement dans les ann\u00e9es 2000 et 2010, la permanence du vieux fond nationaliste de lextr\u00eame droite fran\u00e7aise, dont lune des principales caract\u00e9ristiques id\u00e9ologiques consiste \u00e0 se montrer herm\u00e9tique aux valeurs universalistes des droits de lhomme, et surtout celle de la question identitaire qui constitue, aujourdhui encore, la pierre angulaire de lid\u00e9ologie du nouveau lep\u00e9nisme. Quil semble loin le temps des embrassades publiques. En mars 2018, les dirigeants frontistes se f\u00e9licitaient publiquement de recevoir Steve Bannon. Depuis quelques mois, En cette saison de printemps, le maintien de lactivit\u00e9 agricole est majeur. Les agriculteurs font face \u00e0 une p\u00e9nurie de main d\u0153uvre pour assurer la r\u00e9colte manuelle de fruits et l\u00e9gumes ou les semences, et les commandes sont annul\u00e9es les unes apr\u00e8s les autres. Les D\u00e9partements se mobilisent pour les soutenir et pour subvenir aux besoins alimentaires de la population. Les communications pourront aussi revenir sur le travail de mobilisation \u00e9lectorale de lentreprise frontiste, et interroger les pratiques politiques et les interactions de terrain entre militant.e.s, cadres locaux et \u00e9lecteurs.trices. Les communications devront tenir compte de la structuration du cadre daction l\u00e9gal, organisation interne de la f\u00e9d\u00e9ration, \u00e9tat des concurrences politiques locales, pour proposer des analyses de la circulation de loffre frontiste, de ses r\u00e9pertoires daction \u00e9lectorale Charles Tilly 1986 ; Cl\u00e9ment Desrumaux, R\u00e9mi Lefebvre 2016, de la constitution de ses listes \u00e9lectorales avec des candidats autochtones ou non : S\u00e9bastien Vignon 2012 ; Aur\u00e9lia Troupel 2013, et enfin de la perception par le public des pratiques politiques frontistes. Vice-pr\u00e9sident charg\u00e9 de la formation et des manifestations : Une premi\u00e8re mouture du projet avait \u00e9t\u00e9 d\u00e9pos\u00e9e en avis de motion lors du dernier conseil, au d\u00e9but juin. Depuis, la Ville a consult\u00e9 les associations des centres-villes afin dadapter le projet \u00e0 leurs besoins. Marine Le Pen se montre favorable \u00e0 la tenue dun r\u00e9f\u00e9rendum sur une. Rencontres Science Po BordeauxSud Ouest : Nonna Mayer, la radiologue des comportements politiques , sur 20minutes.fr, 5 novembre 2015 consult\u00e9 le 19 septembre 2016. <img decoding=\"async\" src=\"http:\/\/www.vincentjarousseau.com\/clients\/557\/fichiers\/photos\/575956c4e80da.jpg\" alt=\"rencontres front national\" align=\"right\"> Marine Le Pen lors de sa visite \u00e0 Moscou, le 24 mars 2017. Site Internet du Kremlin Elle a ensuite propos\u00e9 lors du congr\u00e8s du FN de rebaptiser son parti Rassemblement national et a appel\u00e9 \u00e0 soutenir le candidat LR \u00e0 l\u00e9lection l\u00e9gislative partielle de Mayotte, une d\u00e9marche in\u00e9dite pour celle qui renvoie dos \u00e0 dos LR et PS depuis des ann\u00e9es, consid\u00e9rant le clivage droite-gauche d\u00e9pass\u00e9. 2 commune de plus de 50 000 habitants :, Var ;, maire de H\u00e9rault a b\u00e9n\u00e9fici\u00e9 du soutien du parti pendant sa campagne mais nen est pas membre. Pour conserver le pr\u00e9c\u00e9dent brouillon, cliquez sur annuler. <img decoding=\"async\" src=\"http:\/\/p.calameoassets.com\/180219121045-961436758b2e648d9a963a7fc060c708\/p1.jpg\" alt=\"rencontres front national\" align=\"left\"> Roger Holeindre laffirme : cest le MSI qui a fourni les tonnes daffiches avec la flamme, utilis\u00e9es pour les premi\u00e8res campagnes. Jean-Marie Le Pen confirme bien plus tard, et du bout des l\u00e8vres, le financement italien. Il ajoute que les animateurs du FN \u00e9taient extr\u00eamement pauvres et d\u00e9munis et cet apport que faisait Ordre Nouveau sic \u00e0 la campagne Front National a \u00e9t\u00e9 accueilli avec beaucoup de plaisir. Plus tard, des affiches \u00e9lectorales du FN sinspireront directement de celles du MSI. Il en est ainsi du slogan Avec nous, avant quil ne soit trop tard!. Par rapport aux discours qui sexpriment ordinairement \u00e0 Grandmenil, les discussions sur les barrages expriment aussi plus souvent la n\u00e9cessit\u00e9 dune solidarit\u00e9 au sein des classes populaires. Ainsi, alors que lexpression de discours racistes est tr\u00e8s banalis\u00e9e dans lespace local, la photo largement diffus\u00e9e de mineurs main sur la t\u00eate, suite \u00e0 larrestation de lyc\u00e9ens \u00e0 Mantes-la-Jolie, choque beaucoup de gilets-jaunes, qui expriment leur solidarit\u00e9 avec les interpell\u00e9s, quils d\u00e9signent comme des lyc\u00e9ens ou des gamins. Une telle r\u00e9action, qui inclut ces jeunes dans le nous contredit les opinions souvent exprim\u00e9es sur les jeunes des banlieues et r\u00e9v\u00e8le la solidarit\u00e9 que produit la mobilisation. Lid\u00e9e que les puissants nous divisent pour mieux r\u00e9gner, reprise par plusieurs mobilis\u00e9s, reconfigure aussi les mani\u00e8res de se positionner au sein de lensemble social. Ainsi, Pierre, un restaurateur de Grandmenil, fournit abondamment et r\u00e9guli\u00e8rement des petits-plats aux mobilis\u00e9s. Pendant des ann\u00e9es, les seuls propos politiques que je lai entendu tenir concernaient son statut de petit-patron les charges trop \u00e9lev\u00e9es, th\u00e8me g\u00e9n\u00e9ralement marqu\u00e9 \u00e0 droite. Suite au mouvement, il lance avec ses clients des discussions sur les fins de mois difficiles, la mis\u00e8re grandissante, et les d\u00e9faillances des leaders politiques, qui ne vivent pas dans le m\u00eame monde que nous, les petites gens. Temporaire ou non, linflexion du discours de Pierre montre que les artisans et commer\u00e7ants ne sont pas n\u00e9cessairement vou\u00e9s \u00e0 \u00eatre \u00e0 droite. Publi\u00e9 le : 20022017 \u00e0 11:29-Mis \u00e0 jour le : 20022017 \u00e0 13:46.<\/p>\n","protected":false},"excerpt":{"rendered":"<p>rencontres front national<\/p>\n","protected":false},"author":1,"featured_media":0,"comment_status":"closed","ping_status":"closed","sticky":false,"template":"","format":"standard","meta":{"footnotes":""},"categories":[1],"tags":[],"_links":{"self":[{"href":"http:\/\/versa-line.com\/site\/wp-json\/wp\/v2\/posts\/4085"}],"collection":[{"href":"http:\/\/versa-line.com\/site\/wp-json\/wp\/v2\/posts"}],"about":[{"href":"http:\/\/versa-line.com\/site\/wp-json\/wp\/v2\/types\/post"}],"author":[{"embeddable":true,"href":"http:\/\/versa-line.com\/site\/wp-json\/wp\/v2\/users\/1"}],"replies":[{"embeddable":true,"href":"http:\/\/versa-line.com\/site\/wp-json\/wp\/v2\/comments?post=4085"}],"version-history":[{"count":1,"href":"http:\/\/versa-line.com\/site\/wp-json\/wp\/v2\/posts\/4085\/revisions"}],"predecessor-version":[{"id":4086,"href":"http:\/\/versa-line.com\/site\/wp-json\/wp\/v2\/posts\/4085\/revisions\/4086"}],"wp:attachment":[{"href":"http:\/\/versa-line.com\/site\/wp-json\/wp\/v2\/media?parent=4085"}],"wp:term":[{"taxonomy":"category","embeddable":true,"href":"http:\/\/versa-line.com\/site\/wp-json\/wp\/v2\/categories?post=4085"},{"taxonomy":"post_tag","embeddable":true,"href":"http:\/\/versa-line.com\/site\/wp-json\/wp\/v2\/tags?post=4085"}],"curies":[{"name":"wp","href":"https:\/\/api.w.org\/{rel}","templated":true}]}}