{"id":4037,"date":"2020-09-28T00:16:51","date_gmt":"2020-09-28T00:16:51","guid":{"rendered":"http:\/\/versa-line.com\/site\/?p=4037"},"modified":"2020-09-23T03:02:27","modified_gmt":"2020-09-23T03:02:27","slug":"rencontres-lyriques-internationales","status":"publish","type":"post","link":"http:\/\/versa-line.com\/site\/2020\/09\/28\/rencontres-lyriques-internationales\/","title":{"rendered":"Rencontres Lyriques Internationales"},"content":{"rendered":"<p>Fabio Luisi, Krzysztof Warlikowski, Roberto Alagna, Aleksandra Kurzak-Le conseiller national Albert Vitali PLRLU est d\u00e9c\u00e9d\u00e9 vendredi \u00e0 l\u00e2ge de 64 ans des suites dun cancer. Administrateur fiduciaire, le lib\u00e9ral-radical si\u00e9geait \u00e0 la Chambre du peuple depuis 2011 et y pr\u00e9sidait la commission des finances 32\u00c3me CONCOURS INTERNATIONAL DE CHANT DE MARMANDE COMMUNIQU\u00c9 DU 30 AVRIL 2020 : Suite aux annonces gouvernementales concernant la situation sanitaire de notre pays, le Conseil dadministration du Festival Lyrique-en-mer, Festival International de Belle-Ile, a pris la d\u00e9cision de reporter \u00e0 l\u00e9t\u00e9 2021 le programme pr\u00e9vu pour l\u00e9t\u00e9 2020. Si les conditions le permettent, quelques manifestations dans le cadre dun festival \u00e9court\u00e9 qui pourrait avoir lieu d\u00e9but ao\u00fbt sont actuellement \u00e0 l\u00e9tude. Ce Festival tout court serait une saison de concerts \u00e0 petite \u00e9chelle, avec un nombre dartistes r\u00e9duit, et qui pourrait se d\u00e9rouler dans des conditions de s\u00e9curit\u00e9 maximum pour les artistes et le public. Nous esp\u00e9rons vous en donner des nouvelles le moment venu. Nos pens\u00e9es vont \u00e0 toute notre famille du Festival, \u00e0 nos artistes et \u00e0 notre \u00e9quipe pour qui la perte de travail ajoute un stress suppl\u00e9mentaire en cette p\u00e9riode tr\u00e8s exigeante. Nous adressons \u00e9galement nos tr\u00e8s chaleureuses pens\u00e9es au personnel soignant et nous vous esp\u00e9rons tous en s\u00e9curit\u00e9. Nous gardons lespoir de vous retrouver, plus forts que jamais, pour partager notre passion du chant et de la musique \u00e0 Belle-Ile-en-Mer. Philip Walsh, directeur artistique Marie-Fran\u00e7oise Morvan, pr\u00e9sidente Le Conseil dadministration de Lyrique-en-mer Les participants \u00e0 lacad\u00e9mie, venus du monde entier, encadr\u00e9s par des artistes internationalement reconnus dans les domaines de la voix, de la musique et de la sc\u00e8ne, prendront conscience que l ART est un M\u00c9TIER qui sacquiert par un TRAVAIL rigoureux.  <img decoding=\"async\" src=\"http:\/\/www.mandopolis.org\/wp-content\/uploads\/2013\/06\/programmeweb.jpg\" alt=\"rencontres lyriques internationales\" align=\"right\">  Les programmes et les horaires de diffusion sont affich\u00e9s selon votre pays et votre fuseau horaire : Trois programmes clairs pour la 14\u00e8me \u00e9dition : les jeunes talents lyriques dans de grands airs du r\u00e9pertoire accompagn\u00e9s par Sylvain Souret au piano, avant de avec,, Alessandro Escobar,, le et lOrchestra Sinfonica Cantieri dArte, dirig\u00e9s par dans une mise en sc\u00e8ne d. Des artistes qui reviendront pour un pot-pourri lyrique M\u00e9lodies Immortelles O sole mio, Granada, La Danza,,. Ch\u00e2teau de lEmp\u00e9ri \u00e0 Salon-de-Provence Une fois de plus, le Th\u00e9\u00e2tre du Capitole sengage aupr\u00e8s des jeunes artistes daujourdhui et leur offre un tremplin vers le monde! https:www.assoconnect.comgrecobilletterieoffre57701-h-conference-cocktail-festival-international-dart-lyrique-daix Par Publi\u00e9 le 14052020 \u00e0 14:20 Mis \u00e0 jour le 14052020 \u00e0 14:20 LAssociation Fran\u00e7aise des Fundraisers est lassociation des professionnels de la collecte de fonds et du m\u00e9c\u00e9nat. Elle a pour but de former et dinformer les fundraisers tout en leur permettant dacc\u00e9der \u00e0 un r\u00e9seau de professionnels impliqu\u00e9s. Les Rencontres ParisBerlin red\u00e9finissent lobjet \u00e0 la Ga\u00eet\u00e9 Lyrique Intramuros Dans un concert autour de l\u00e9crivain anglais Lord Byron qui inspira pour Harold en Italie, sera interpr\u00e9t\u00e9e la commande du Festival, la cantate On the Dust I love de Karol Beffa o\u00f9 se pr\u00e9sentera la mezzo-soprano avec l et. Ce compositeur et cette mezzo-soprano donneront un r\u00e9cital \u00e0 l\u00e9glise de La C\u00f4te-Saint-Andr\u00e9 le 28 ao\u00fbt, concert qui pr\u00e9c\u00e9dera celui de et son avec de.  <img decoding=\"async\" src=\"http:\/\/www.collectiflahorde.com\/img\/actu\/1488885011_Rencontres-internationales-494x278.jpg\" alt=\"rencontres lyriques internationales\" align=\"left\"> Envoyer Recevoir gratuitement le programme TV par mail Cr\u00e9on Tir\u00e9sias le Messager : Sir Willard White FESTIVAL INTERNATIONAL DE JAZZ DE MONTREAL et JAZZ A VIENNE:Ron Carter, Keziah Jones, Christian Scott <img decoding=\"async\" src=\"http:\/\/l20.ca\/wp-content\/uploads\/2017\/12\/ACH_4515.jpg\" alt=\"rencontres lyriques internationales\" align=\"right\">.<\/p>\n","protected":false},"excerpt":{"rendered":"<p>rencontres lyriques internationales<\/p>\n","protected":false},"author":1,"featured_media":0,"comment_status":"closed","ping_status":"closed","sticky":false,"template":"","format":"standard","meta":{"footnotes":""},"categories":[1],"tags":[],"_links":{"self":[{"href":"http:\/\/versa-line.com\/site\/wp-json\/wp\/v2\/posts\/4037"}],"collection":[{"href":"http:\/\/versa-line.com\/site\/wp-json\/wp\/v2\/posts"}],"about":[{"href":"http:\/\/versa-line.com\/site\/wp-json\/wp\/v2\/types\/post"}],"author":[{"embeddable":true,"href":"http:\/\/versa-line.com\/site\/wp-json\/wp\/v2\/users\/1"}],"replies":[{"embeddable":true,"href":"http:\/\/versa-line.com\/site\/wp-json\/wp\/v2\/comments?post=4037"}],"version-history":[{"count":1,"href":"http:\/\/versa-line.com\/site\/wp-json\/wp\/v2\/posts\/4037\/revisions"}],"predecessor-version":[{"id":4038,"href":"http:\/\/versa-line.com\/site\/wp-json\/wp\/v2\/posts\/4037\/revisions\/4038"}],"wp:attachment":[{"href":"http:\/\/versa-line.com\/site\/wp-json\/wp\/v2\/media?parent=4037"}],"wp:term":[{"taxonomy":"category","embeddable":true,"href":"http:\/\/versa-line.com\/site\/wp-json\/wp\/v2\/categories?post=4037"},{"taxonomy":"post_tag","embeddable":true,"href":"http:\/\/versa-line.com\/site\/wp-json\/wp\/v2\/tags?post=4037"}],"curies":[{"name":"wp","href":"https:\/\/api.w.org\/{rel}","templated":true}]}}