{"id":3999,"date":"2020-09-27T22:25:37","date_gmt":"2020-09-27T22:25:37","guid":{"rendered":"http:\/\/versa-line.com\/site\/?p=3999"},"modified":"2020-09-23T01:16:49","modified_gmt":"2020-09-23T01:16:49","slug":"rencontres-de-davos","status":"publish","type":"post","link":"http:\/\/versa-line.com\/site\/2020\/09\/27\/rencontres-de-davos\/","title":{"rendered":"Rencontres De Davos"},"content":{"rendered":"<p><img decoding=\"async\" src=\"http:\/\/newsroyauxnorvegiens.n.e.pic.centerblog.net\/Davos_rencontres_1.jpg\" alt=\"rencontres de davos\" align=\"right\"> Vous contribuez ainsi \u00e0 lam\u00e9lioration de notre service. Lacc\u00e8s unique \u00e0 lensemble des services dArcinfo 2010 on the fri ng e s of t h e World Economic Forum W EF i n Davos t o discuss bilateral.. <img decoding=\"async\" src=\"http:\/\/s1.lprs1.fr\/images\/2018\/01\/26\/7524285_2233dc76-02a2-11e8-bcfa-1c8ff7eb0669-1_624x390.jpg\" alt=\"rencontres de davos\" align=\"left\"> Une lecture honn\u00eate et objective de l\u00e9conomie mondiale non seulement ne serait pas du luxe au milieu de ce tas dincomp\u00e9tents qui se succ\u00e8dent \u00e0 a t\u00eate des m\u00e9dias de masse pour nous imposer leurs messes qui nous tuent en permanence mais en plus permettrait de commencer \u00e0 entrevoir de v\u00e9ritables solutions.  Lobjectif de cette conf\u00e9rence est de faire comprendre que le terrorisme qui prend de lampleur dans cette r\u00e9gion du monde sappuie sur la pauvret\u00e9, le manque de perspectives des jeunes, sur des Etats fragiles qui narrivent pas \u00e0 contr\u00f4ler leurs fronti\u00e8res, indique Ilia Djadi, lun de ses orateurs. T\u00e9moignage dun cr\u00e9dit obtenu avec mme nadia kadouche 5 \u00e9toiles: excellent-tout sest tr\u00e8s bien pass\u00e9. Merci beaucoup avance fiable, gr\u00e2ce \u00e0 vous je vais pouv. Pretgratuit1.centerblog.net Offre de pr\u00eat conso disponible et fiable pour toute classe sociale faites votre demande ici : nadiakadouchehotmail.com un pr\u00eat adapt\u00e9 \u00e0 tous vos projets, coupl. Pretgratuit1.centerblog.net Le Global Information Technology Report 2001 \u00e9value leur comp\u00e9titivit\u00e9 en fonction de leur propension \u00e0 utiliser les technologies de linformation networked readiness.  Quelle ambiance co-working dans le stade de! La station de ski hupp\u00e9e nich\u00e9e dans la cha\u00eene alpine a accueilli les meilleurs joueurs de l\u00e9conomie mondiale du 23 au 26 janvier dernier. L\u00e9lite des joueurs a \u00e9t\u00e9 r\u00e9unie pour une 48 \u00e8me confrontation sur le th\u00e8me de la fraternit\u00e9 : Construire un avenir commun dans un monde fractur\u00e9. Le 49\u00e8me Superbowl a vu sopposer les Eagles de Philadelphie et les Patriots de la Nouvelle-Angleterre Boston. La 50e \u00e9dition du Forum \u00e9conomique de Davos-Le dossier de la r\u00e9daction-21012020 La 50e \u00e9dition du Forum \u00e9conomique de Davos sest ouverte ce lundi 20 janvier. En 50 ans, ce forum sest impos\u00e9 comme un rendez-vous important du monde des affaires et de la classe politique, sans \u00e9chapper \u00e0 de multiples critiques Les organisateurs du World Economic Forum WEF, cherchent \u00e0 gommer limage dun club des riches se r\u00e9unissant chaque d\u00e9but dann\u00e9e en jet priv\u00e9 pour se muer en centre de propositions sur lavenir de la plan\u00e8te. Les deux invit\u00e9s de marque de cette \u00e9dition seront sans aucun doutes le pr\u00e9sident am\u00e9ricain Donald Trump et la jeune activiste \u00e9cologique Greta Th  AFCQ-Le Forum \u00e9conomique mondial ouvrira son cinquanti\u00e8me sommet mardi 21 janvier. Cette ann\u00e9e, les risques sur le climat seront au c\u0153ur des d\u00e9bats. Lambi ti on du forum est d e devenir pour la science ce qu es t le forum d e Davos p ou r l \u00e9con omie. Ont \u00e9t\u00e9 \u00e9voqu\u00e9s les derniers d\u00e9veloppements en Irak et dans la r\u00e9gion, le renforcement des relations entre lIrak et le KRG dune part, et la Jordanie dautre part, les efforts pour apaiser les tensions dans la r\u00e9gion, les dangers du terrorisme et limportance du r\u00f4le de la coalition internationale. Les relations tendues entre la Gr\u00e8ce et la Turquie ont failli entra\u00eener une guerre en 1988, mais des rencontres individuelles \u00e0 Davos entre le Premier ministre turc Turgut \u00d6zal et Andreas Papandreou, Premier ministre grec, ont instaur\u00e9 une confiance suffisante pour emp\u00eacher le conflit. Apr\u00e8s leur premi\u00e8re rencontre \u00e0 Davos en 1986, les deux dirigeants sont revenus \u00e0 Davos apr\u00e8s de nombreuses visites pr\u00e9paratoires de Schwab \u00e0 Ath\u00e8nes et Ankara. Lors de l\u00e9dition 1988 de Davos, ils ont n\u00e9goci\u00e9 et sign\u00e9 la D\u00e9claration de Davos visant \u00e0 normaliser les relations. La guerre aurait \u00e9t\u00e9 in\u00e9vitable sil navait pas rencontr\u00e9 Papandreou \u00e0 Davos deux ans auparavant, a d\u00e9clar\u00e9 \u00d6zal \u00e0 Schwab plus tard. Gr\u00e2ce \u00e0 cette rencontre, il \u00e9tait certain de pouvoir faire confiance \u00e0 son homologue. 2004-2005 ef fectu \u00e9 p ar le Forum \u00e9c ono miq ue de Davos. 1972 Professeur de strat\u00e9gie industrielle \u00e0 luniversit\u00e9 de Gen\u00e8ve. <img decoding=\"async\" src=\"http:\/\/img.src.ca\/2017\/01\/17\/635x357\/170117_691l0_pdj-davos-ouverture_sn635.jpg\" alt=\"rencontres de davos\" align=\"center\"> Des organisations dEglises et des organisations non gouvernementales et sans but..<\/p>\n","protected":false},"excerpt":{"rendered":"<p>rencontres de davos<\/p>\n","protected":false},"author":1,"featured_media":0,"comment_status":"closed","ping_status":"closed","sticky":false,"template":"","format":"standard","meta":{"footnotes":""},"categories":[1],"tags":[],"_links":{"self":[{"href":"http:\/\/versa-line.com\/site\/wp-json\/wp\/v2\/posts\/3999"}],"collection":[{"href":"http:\/\/versa-line.com\/site\/wp-json\/wp\/v2\/posts"}],"about":[{"href":"http:\/\/versa-line.com\/site\/wp-json\/wp\/v2\/types\/post"}],"author":[{"embeddable":true,"href":"http:\/\/versa-line.com\/site\/wp-json\/wp\/v2\/users\/1"}],"replies":[{"embeddable":true,"href":"http:\/\/versa-line.com\/site\/wp-json\/wp\/v2\/comments?post=3999"}],"version-history":[{"count":1,"href":"http:\/\/versa-line.com\/site\/wp-json\/wp\/v2\/posts\/3999\/revisions"}],"predecessor-version":[{"id":4000,"href":"http:\/\/versa-line.com\/site\/wp-json\/wp\/v2\/posts\/3999\/revisions\/4000"}],"wp:attachment":[{"href":"http:\/\/versa-line.com\/site\/wp-json\/wp\/v2\/media?parent=3999"}],"wp:term":[{"taxonomy":"category","embeddable":true,"href":"http:\/\/versa-line.com\/site\/wp-json\/wp\/v2\/categories?post=3999"},{"taxonomy":"post_tag","embeddable":true,"href":"http:\/\/versa-line.com\/site\/wp-json\/wp\/v2\/tags?post=3999"}],"curies":[{"name":"wp","href":"https:\/\/api.w.org\/{rel}","templated":true}]}}