{"id":3989,"date":"2020-09-27T21:20:15","date_gmt":"2020-09-27T21:20:15","guid":{"rendered":"http:\/\/versa-line.com\/site\/?p=3989"},"modified":"2020-09-23T00:49:14","modified_gmt":"2020-09-23T00:49:14","slug":"rencontre-g20-toronto","status":"publish","type":"post","link":"http:\/\/versa-line.com\/site\/2020\/09\/27\/rencontre-g20-toronto\/","title":{"rendered":"Rencontre G20 Toronto"},"content":{"rendered":"<p>Sept ans apr\u00e8s, la Russie accueille aujourdhui une r\u00e9union du G20 dans laquelle l\u00e9nergie figure encore en bonne place. Depuis 2006 toutefois, la gouvernance mondiale a beaucoup chang\u00e9 avec la forte croissance de la demande des march\u00e9s \u00e9mergents. Discours du ministre Van Loan \u00e0 loccasion dune rencontre avec les journalistes couvrant le G20 et du G8-Canada.ca Se connecter avec Facebook Se connecter avec Google Vous pensez que nos responsabilit\u00e9s sont les m\u00eames que le manifestant que je voyais, qui protestait contre tout et contre rien? Vous pensez que quand on a en charge un pays, on ne doit pas parler avec les dirigeants des autres pays? Vous pensez que cest inutile? Dites moi, si cest utile de parler dans votre immeuble avec les voisins ou de parler avec votre mari ou avec vos enfants, vous ne croyez pas que ce nest pas utile de parler de dirigeants dun pays \u00e0 un autre pour faire quelque chose dextraordinaire : se comprendre. Parler, par exemple, de lIran, parler de la paix au Moyen Orient, cela na pas dint\u00e9r\u00eat? Je vais vous dire, si on ne parlait pas, croyez bien que cela co\u00fbterait plus cher, plus cher au monde de ne pas parler. <img decoding=\"async\" src=\"http:\/\/www.impact-european.com\/wp-content\/uploads\/2018\/06\/TUMPS-G7.jpg\" alt=\"rencontre g20 toronto\" align=\"center\"> Le pr\u00e9sident chinois participe au sommet du G20 et rencontre des dirigeants \u00e9trangers Le G20 a vu le jour en 1999 lors dune rencontre des ministres des Finances du G7, et ce, dans la mouvance de la crise asiatique. Lid\u00e9e \u00e9tait alors davoir un forum regroupant les principaux pays d\u00e9velopp\u00e9s et en d\u00e9veloppement pour traiter des questions financi\u00e8res internationales, mais aussi dans le but d\u00e9changer sur les grands enjeux de l\u00e9conomie mondiale. Depuis, le regroupement sest r\u00e9uni chaque ann\u00e9e, mais deux changements majeurs sont intervenus depuis la fin 2008. Dabord, le G20 sest d\u00e9doubl\u00e9, avec dun c\u00f4t\u00e9 le G20 politique des chefs d\u00c9tat et de gouvernement et, de lautre, le G20 financier des ministres des Finances et des gouverneurs de banques centrales, lequel voit dailleurs son autorit\u00e9 accrue. Ensuite, lhabitude a commenc\u00e9 \u00e0 \u00eatre prise de tenir des r\u00e9unions sur une base semi-annuelle plut\u00f4t quannuelle, ce qui permet un meilleur suivi des dossiers et des plans daction. Lors du Sommet, le Pr\u00e9sident Hu Jintao a pris une photo collective avec les autres dirigeants pr\u00e9sents \u00e0 cet \u00e9v\u00e9nement et a eu une br\u00e8ve rencontre avec les repr\u00e9sentants chinois participant au Sommet de la Jeunesse du G20. Pour la liste compl\u00e8te de nos bulletins sur lactualit\u00e9, consultez la rubrique analyse. Ces bulletins sont r\u00e9dig\u00e9s par des \u00e9tudiants et \u00e9tudiantes du programme d\u00c9tudes politiques appliqu\u00e9es de lUniversit\u00e9 de Sherbrooke. La recherche et la r\u00e9daction sont supervis\u00e9es par notre r\u00e9dacteur en chef Serge Gaudreau. Le G20 est une composante essentielle de la strat\u00e9gie de ladministration du pr\u00e9sident am\u00e9ricain Barack Obama pour assurer la reprise mondiale, sest f\u00e9licit\u00e9e la Maison Blanche. Cest le compromis que nous avons fait ensemble et je crois quil est bon. Pourra-t-il y avoir dautres changements? On en a parl\u00e9 avec Madame MERKEL, cest toute la question des sanctions. Nos \u00e9quipes et nous-m\u00eames nous en avons parl\u00e9 et nous, nous pensons proposer au groupe de Monsieur VAN ROMPUY comme sanction, la suspension des droits de vote. Il y aura une analyse juridique. Certains nous disent quil faut une modification des trait\u00e9s, eh bien dans ce cas on la proposera ; dautres nous disent quil ny aura pas besoin de modification des trait\u00e9s, dans ce cas l\u00e0, on ne le fera pas. Recevoir un email si quelquun r\u00e9pond \u00e0 mon commentaire. Les prix du p\u00e9trole, d\u00e9prim\u00e9s par limpact de l\u00e9pid\u00e9mie sur la demande, sont au centre de tensions entre Moscou et Ryad, les Saoudiens s\u00e9tant livr\u00e9s aux plus fortes baisses de prix en deux d\u00e9cennies en repr\u00e9sailles au refus de la Russie de r\u00e9duire la production pour soutenir les cours. Sous la pr\u00e9sidence du roi Salmane dArabie saoudite, le sommet a r\u00e9uni les chefs d\u00c9tat am\u00e9ricain Donald Trump, russe Vladimir Poutine, fran\u00e7ais Emmanuel Macron et les autres dirigeants du G20 qui ont discut\u00e9 par visio-conf\u00e9rence de la r\u00e9ponse \u00e0 apporter \u00e0 la menace de r\u00e9cession. En pr\u00e9vision de la rencontre-English translation Linguee Les pays \u00e9mergents ont \u00e9t\u00e9 tout \u00e0 fait pris en compte dans le communiqu\u00e9, nos positions sont toutes l\u00e0, a claironn\u00e9 le ministre des Finances br\u00e9silien Guido Mantega, chef de d\u00e9l\u00e9gation en labsence de son pr\u00e9sident Luiz Inacio Lula da Silva. Un rare proc\u00e8s civil sur le G20 de 2010 commence \u00e0 Toronto Radio-Canada.ca Nous utilisons les t\u00e9moins de navigation cookies afin dop\u00e9rer et dam\u00e9liorer nos services ainsi qu\u00e0 des fins publicitaires. A hrefjavascript:void0 classreply js-reply-btn data-real-parent-idcommentID data-to-user-nameusername data-to-user-idR\u00e9pondrea Notre gouvernement sattache \u00e0 combattre le protectionnisme et \u00e0 promouvoir le libre-\u00e9change.  Nathalie Gay Guggenheim-HSBC France Director of regulatory affairs, Global Banking and Markets La pratique de laction communautaire-Jocelyne Lavoie, Jean Panet-Raymond-Google Books Du 29 septembre au 1er octobre 2020 : Pr\u00e9ventica Lyon  LE PRESIDENT Sur lEspagne, je partage exactement la r\u00e9ponse de la Chanceli\u00e8re et sur ce que nous avons dit pour le gouvernement \u00e9conomique, Madame MERKEL et moi-m\u00eame nous avons discut\u00e9 de fa\u00e7on approfondie : comment pouvions-nous tirer les le\u00e7ons de la crise que nous avons connue? Tout le monde est daccord aujourdhui sur la n\u00e9cessit\u00e9 dun gouvernement \u00e9conomique de lEurope, pour renforcer la coh\u00e9rence \u00e9conomique en Europe. Ce gouvernement, naturellement, il est \u00e0 27 puisque lEurope, cest 27 ; mais nous avons choisi \u00e9galement d\u00eatre pragmatique puisqu\u00e0 lint\u00e9rieur des 27, il y a 16 pays qui ont la m\u00eame monnaie. En cas de n\u00e9cessit\u00e9, sagissant des probl\u00e8mes de la zone euro, nous nous r\u00e9servons de r\u00e9unir les 16. Ensuite, sur la question du secr\u00e9tariat, chacun peut avoir des id\u00e9es en la mati\u00e8re. Il y a quelque chose que nous avons en commun Madame MERKEL et moi, cest que lon doit \u00eatre op\u00e9rationnel et sortir des d\u00e9bats institutionnels. Il se trouve que cest gr\u00e2ce \u00e0 la pr\u00e9sidence de Madame MERKEL que lon a pu avoir Lisbonne et par ailleurs Monsieur SOCRATES y a jou\u00e9 un r\u00f4le et que jai \u00e9galement pr\u00eat\u00e9 la main \u00e0 cela. Quest-ce que lon avait dit Madame MERKEL et moi? Que Lisbonne serait la derni\u00e8re \u00e9tape des r\u00e9formes institutionnelles et quapr\u00e8s il fallait se consacrer de mani\u00e8re op\u00e9rationnelle et pragmatique.  Le G20 est depuis 2009 linstance o\u00f9 sont \u00e9labor\u00e9es les grandes \u00e9volutions de la gouvernance bancaire et financi\u00e8re. Reste \u00e0 en organiser une traduction r\u00e9glementaire et une mise en \u0153uvre homog\u00e8nes au plan international : les premi\u00e8res actions post-crise montrent une certaine convergence.. <img decoding=\"async\" src=\"http:\/\/forum-americas.org\/wp-content\/uploads\/2017\/05\/almagro-luis.jpg\" alt=\"rencontre g20 toronto\" align=\"center\"> <img decoding=\"async\" src=\"http:\/\/international.gc.ca\/world-monde\/assets\/images\/g20\/G20_photos_04.jpg\" alt=\"rencontre g20 toronto\" align=\"left\"> Julien Arnoult,, Carto n3, d\u00e9cembre 2010-janvier 2011 consult\u00e9 le 2 novembre 2011 Les d\u00e9clarations des porte-parole allemands sont inacceptables, avait d\u00e9clar\u00e9 le minist\u00e8re turc des affaires \u00e9trang\u00e8res dans un communiqu\u00e9. Ces d\u00e9clarations constituent une interf\u00e9rence directe dans la justice turque qui d\u00e9passe les limites.<\/p>\n","protected":false},"excerpt":{"rendered":"<p>rencontre g20 toronto<\/p>\n","protected":false},"author":1,"featured_media":0,"comment_status":"closed","ping_status":"closed","sticky":false,"template":"","format":"standard","meta":{"footnotes":""},"categories":[1],"tags":[],"_links":{"self":[{"href":"http:\/\/versa-line.com\/site\/wp-json\/wp\/v2\/posts\/3989"}],"collection":[{"href":"http:\/\/versa-line.com\/site\/wp-json\/wp\/v2\/posts"}],"about":[{"href":"http:\/\/versa-line.com\/site\/wp-json\/wp\/v2\/types\/post"}],"author":[{"embeddable":true,"href":"http:\/\/versa-line.com\/site\/wp-json\/wp\/v2\/users\/1"}],"replies":[{"embeddable":true,"href":"http:\/\/versa-line.com\/site\/wp-json\/wp\/v2\/comments?post=3989"}],"version-history":[{"count":1,"href":"http:\/\/versa-line.com\/site\/wp-json\/wp\/v2\/posts\/3989\/revisions"}],"predecessor-version":[{"id":3990,"href":"http:\/\/versa-line.com\/site\/wp-json\/wp\/v2\/posts\/3989\/revisions\/3990"}],"wp:attachment":[{"href":"http:\/\/versa-line.com\/site\/wp-json\/wp\/v2\/media?parent=3989"}],"wp:term":[{"taxonomy":"category","embeddable":true,"href":"http:\/\/versa-line.com\/site\/wp-json\/wp\/v2\/categories?post=3989"},{"taxonomy":"post_tag","embeddable":true,"href":"http:\/\/versa-line.com\/site\/wp-json\/wp\/v2\/tags?post=3989"}],"curies":[{"name":"wp","href":"https:\/\/api.w.org\/{rel}","templated":true}]}}