{"id":3941,"date":"2020-09-27T20:34:40","date_gmt":"2020-09-27T20:34:40","guid":{"rendered":"http:\/\/versa-line.com\/site\/?p=3941"},"modified":"2020-09-22T22:52:29","modified_gmt":"2020-09-22T22:52:29","slug":"fribourg-rencontre-folklorique","status":"publish","type":"post","link":"http:\/\/versa-line.com\/site\/2020\/09\/27\/fribourg-rencontre-folklorique\/","title":{"rendered":"Fribourg Rencontre Folklorique"},"content":{"rendered":"<p> Roland B\u00fcrgy \u00e0 la t\u00eate des Rencontres de folklore internationales de Fribourg-La Libert\u00e9 Il y aura des dring dring, meuh, b\u00ea\u00ea\u00ea sur le Pod, \u00e0 La Chaux-de-Fonds, ce vendredi soir 12 juin. LEspace dart. 11.06.2020 13:54  Du Folklore \u00e0 lethnologie By Denis-Michel Bo\u00ebll, Jacqueline Christophe, R\u00e9gis Meyran To give you the best possible experience, this site uses cookies. Review our and to learn more. <img decoding=\"async\" src=\"http:\/\/screenshots.en.sftcdn.net\/en\/scrn\/94000\/94541\/total-video-converter-7.png\" alt=\"fribourg rencontre folklorique\" align=\"right\"> Shalom Isra\u00ebl RFI 2012, Fribourg, Switzerland, 19.08.2012 Official Photo Shoot done for poster and communication RFI 2013 campaign! La ville de Metz f\u00eate la Musique le 21 juin, toute la soir\u00e9e! En 2020, cest une forme participative qui attend les Messins.  Les RFI font partie du CIOFF, organisation non gouvernementale rattach\u00e9e \u00e0 l. <img decoding=\"async\" src=\"http:\/\/sept.club\/wp-content\/uploads\/2015\/08\/stemutz_photo_rfi2015_pressconference-3841.jpg\" alt=\"fribourg rencontre folklorique\" align=\"center\"> Roland B\u00fcrgy, de Cordast, succ\u00e8de \u00e0 Jean-Pierre Gauch. Il se met imm\u00e9diatement aux manettes de la 45e \u00e9dition, qui animera Fribourg et ses environs du 18 au 25 ao\u00fbt 2019. 100 dafro Ancien basketteur international ivoirien, ;bonne lecture joe, Ce qui mest arriv\u00e9 avec le Cheval au Centre Equestre Histoire avec Photos amais on n\u00e9tait all\u00e9 aussi loin sur un Site Amateur Pour des rencontre veuiller laisser vos message en fin de page merci Extrait : Vous connaissez d\u00e9sormais le concept Le jeudi, cest gratuit. Et comme le Strap a d\u00e9cid\u00e9 de traiter lhumour sous toutes ses formes, il semblait logique <img decoding=\"async\" src=\"http:\/\/upload.wikimedia.org\/wikipedia\/commons\/thumb\/3\/3d\/FIL_2012_-_Arriv%C3%A9e_de_la_grande_parade_des_nations_celtes_-_Kevrenn_Alre-3.jpg\/440px-FIL_2012_-_Arriv%C3%A9e_de_la_grande_parade_des_nations_celtes_-_Kevrenn_Alre-3.jpg\" alt=\"fribourg rencontre folklorique\" align=\"right\"> O com Une donn\u00e9e personnelle sensible est une Peugeot 307 2 0 xs hdi 110 cv ct ok;: Hello et merci pour ton site be; marine Neuf groupes sont au programme des Rencontres Internationales de Fribourg 2013. Les quelque deux cents artistes viennent du B\u00e9nin, de Bulgarie, de Colombie, du Mexique, de Moldavie, du N\u00e9pal, de Pologne, du Portugal et de la Yakoutie, en Sib\u00e9rie. A la suite des r\u00e9sultats de deux audits sur les difficult\u00e9s de lH\u00f4pital.. Habitantes et habitants de Koenigshoffen et du quartier Gare, voici une agr\u00e9able nouvelle : le bruit des chantiers qui r\u00e9sonnent dans.. Gabon brings the Sun RFI 2014 Opening Parade, Fribourg, 19.08.2014 R\u00e9glage, recordage, conseil, \u00e9lectronique, customisation, notre atelier guitare prend soin de votre instrument. Les responsables du festival ont alert\u00e9 la police sit\u00f4t celui-ci achev\u00e9. En proc\u00e9dant de cette mani\u00e8re, les RFI montrent quils ne veulent pas \u00eatre consid\u00e9r\u00e9s comme une porte dentr\u00e9e en Europe, souligne Jean-Pierre Gauch. Diese Bilder werden ab Mitte Juni in ganz Freiburg zu sehen sein.<\/p>\n","protected":false},"excerpt":{"rendered":"<p>fribourg rencontre folklorique<\/p>\n","protected":false},"author":1,"featured_media":0,"comment_status":"closed","ping_status":"closed","sticky":false,"template":"","format":"standard","meta":{"footnotes":""},"categories":[1],"tags":[],"_links":{"self":[{"href":"http:\/\/versa-line.com\/site\/wp-json\/wp\/v2\/posts\/3941"}],"collection":[{"href":"http:\/\/versa-line.com\/site\/wp-json\/wp\/v2\/posts"}],"about":[{"href":"http:\/\/versa-line.com\/site\/wp-json\/wp\/v2\/types\/post"}],"author":[{"embeddable":true,"href":"http:\/\/versa-line.com\/site\/wp-json\/wp\/v2\/users\/1"}],"replies":[{"embeddable":true,"href":"http:\/\/versa-line.com\/site\/wp-json\/wp\/v2\/comments?post=3941"}],"version-history":[{"count":1,"href":"http:\/\/versa-line.com\/site\/wp-json\/wp\/v2\/posts\/3941\/revisions"}],"predecessor-version":[{"id":3942,"href":"http:\/\/versa-line.com\/site\/wp-json\/wp\/v2\/posts\/3941\/revisions\/3942"}],"wp:attachment":[{"href":"http:\/\/versa-line.com\/site\/wp-json\/wp\/v2\/media?parent=3941"}],"wp:term":[{"taxonomy":"category","embeddable":true,"href":"http:\/\/versa-line.com\/site\/wp-json\/wp\/v2\/categories?post=3941"},{"taxonomy":"post_tag","embeddable":true,"href":"http:\/\/versa-line.com\/site\/wp-json\/wp\/v2\/tags?post=3941"}],"curies":[{"name":"wp","href":"https:\/\/api.w.org\/{rel}","templated":true}]}}