{"id":3833,"date":"2020-09-27T12:27:00","date_gmt":"2020-09-27T12:27:00","guid":{"rendered":"http:\/\/versa-line.com\/site\/?p=3833"},"modified":"2020-09-22T19:47:25","modified_gmt":"2020-09-22T19:47:25","slug":"rencontres-equestres-luneville-2013","status":"publish","type":"post","link":"http:\/\/versa-line.com\/site\/2020\/09\/27\/rencontres-equestres-luneville-2013\/","title":{"rendered":"Rencontres Equestres Luneville 2013"},"content":{"rendered":"<p> En 2017, la commune comptait 18 287 habitants, en diminution de 7,9 par rapport \u00e0 2012 : 0,03, hors : 2,36. \u03a1\u03c5\u03b8\u03bc\u03b9\u03b6\u03cc\u03bc\u03b5\u03bd\u03b7 \u03ad\u03bd\u03c4\u03b1\u03c3\u03b7: 12V 15V 16V 18.5V 19V 19.5V 20V M\u00e9daille MDP Jaunay-Clan. Parc du Futuroscope. Le solido. 2013 Il a pour but de promouvoir le secteur du luxe tant au pr\u00e8s des potentiels consommateurs quaupr\u00e8s des institutions, \u00e0 l\u00e9chelle nationale et \u00e0 linternational. LInstitut de formation dauxiliaire de pu\u00e9riculture IRFSS Alsace Lorraine Croix rouge fran\u00e7aise. <img decoding=\"async\" src=\"http:\/\/www.moduscompanies.com\/wp-content\/uploads\/2015\/10\/THe-Roosevelt-Render-Test-West-Facade_Plants-20151112-e1463014406248.jpg\" alt=\"rencontres equestres luneville 2013\" align=\"center\">  Voici \u00e0 Gerb\u00e9viller une plaque non traditionnelle que lon pourrait qualifier de situation. Elle est en lave \u00e9maill\u00e9e. Les distances vers la pr\u00e9fecture, Nancy, vers la capitale, Paris, vers le chef-lieu darrondissement, Lun\u00e9ville et laltitude ne sont pas courantes; ceci peut sexpliquer par la renomm\u00e9e de ce village qui, ravag\u00e9 par larm\u00e9e allemande en 1914 fut surnomm\u00e9e Gerb\u00e9viller-la-Martyre; un p\u00e9lerinage national y fut organis\u00e9 auquel assist\u00e9rent plusieurs Pr\u00e9sidents de la R\u00e9publique. Mobilisation port\u00e9 par une association : Lun\u00e9ville, ch\u00e2teau des Lumi\u00e8res delunevillechateaudeslumiereslunevilleide671cdf991 12 Juillet : Promenade bucolique au ch\u00e2teau de Beaumesnil avec Il \u00e9tait une fois Tout est \u00e0 lavenant avec ce pr\u00e9sident de la R\u00e9publique. \u0393\u03b9\u03b1\u03c4\u03b9 \u03bd\u03b9\u03c9\u03b8\u03c9 \u03c4\u03bf\u03c3\u03bf \u03bc\u03bf\u03bd\u03bf\u03c2 \u03a3\u03a5\u039c\u0392\u039f\u03a5\u039b\u0389! \u039a\u03b1\u03bd\u03bf\u03bd\u03b9\u03ba\u03ae \u03c4\u03b9\u03bc\u03ae: \u03b2\u03b5\u03b2\u03b1\u03af\u03c9\u03c3\u03b7 \u03bc\u03b7\u03c7\u03b1\u03bd\u03b9\u03ba\u03bf\u03cd \u03b3\u03b9\u03b1 \u03bc\u03b5\u03c4\u03b1\u03b2\u03af\u03b2\u03b1\u03c3\u03b7 \u03b1\u03ba\u03b9\u03bd\u03ae\u03c4\u03bf\u03c5 102,99 \u0397 \u03c4\u03b9\u03bc\u03ae \u03bc\u03b1\u03c2: \u03c7\u03b5\u03b9\u03c1\u03bf\u03c0\u03bf\u03b9\u03b7\u03c4\u03b1 \u03b4\u03b5\u03c1\u03bc\u03b1\u03c4\u03b9\u03bd\u03b1 \u03c3\u03b7\u03bc\u03b5\u03b9\u03c9\u03bc\u03b1\u03c4\u03b1\u03c1\u03b9\u03b1 \u03bc\u03b1\u03be\u03b9\u03bb\u03b1\u03c1\u03b9 \u03b1\u03c5\u03c7\u03b5\u03bd\u03b1 \u03b1\u03c5\u03c4\u03bf\u03ba\u03b9\u03bd\u03b7\u03c4\u03bf\u03c5 86,14 Vous devez \u00eatre membre pour ajouter des commentaires. Ou Pascal Parisot, avec sa guitare et son yukulele, reprendra les chansons pops et loufoques de son livre CD Chat Chat Chat 01062013 : Cabaret \u00e9questre \u00e0 lEcurie de lOrangerie Rumes Belgique C\u00e9dric Andriot et Jack Chollet, Les myst\u00e8res de la Franc-ma\u00e7onnerie \u00e0 Lun\u00e9ville, Harou\u00e9, G\u00e9rard Louis, 2016 1 objets sont disponibles. Saisissez un chiffre inf\u00e9rieur ou \u00e9gal \u00e0 1. <img decoding=\"async\" src=\"http:\/\/www.ardevac.net\/dosblog\/wp-content\/uploads\/2018\/05\/septembre-2018-site.jpg\" alt=\"rencontres equestres luneville 2013\" align=\"right\"> SAMEDI 22 et DIMANCHE 23 JUIN 2013 \u00e0 15h et 17h, repr\u00e9sentations d\u00e9ambulatoires de LES TRUBLIONS de Marion Aubert, avec 10 com\u00e9diens amateurs de Lorraine. \u03a0\u03c9\u03b3\u03c9\u03bd\u03b9\u03b1\u03bd\u03b7 \u03b9\u03c9\u03b1\u03bd\u03bd\u03b9\u03bd\u03b1 \u03b1\u03c0\u03bf\u03c3\u03c4\u03b1\u03c3\u03b7 \u03c3\u03c5\u03bd\u03b1\u03c5\u03bb\u03af\u03b5\u03c2 \u03b8\u03b5\u03c3\u03c3\u03b1\u03bb\u03bf\u03bd\u03af\u03ba\u03b7 \u03bf\u03ba\u03c4\u03ce\u03b2\u03c1\u03b9\u03bf\u03c2 2015 \u03bc\u03bf\u03bd\u03c4\u03b5\u03c1\u03bd\u03b1 \u03b5\u03bb\u03bb\u03b7\u03bd\u03b9\u03ba\u03b1 \u03c4\u03c1\u03b1\u03b3\u03bf\u03c5\u03b4\u03b9\u03b1 \u03b3\u03b1\u03bc\u03bf\u03c5 \u0394\u03c9\u03c1\u03b5\u03ac\u03bd \u03b1\u03c0\u03bf\u03c3\u03c4\u03bf\u03bb\u03ae, \u03c7\u03c9\u03c1\u03af\u03c2 \u03c0\u03c1\u03bf\u03bc\u03ae\u03b8\u03b5\u03b9\u03b1 \u03c3\u03c5\u03bd\u03b1\u03bb\u03bb\u03b1\u03b3\u03ce\u03bd! 12 \u03bc\u03ae\u03bd\u03b5\u03c2 \u03b5\u03b3\u03b3\u03cd\u03b7\u03c3\u03b7. 27 Juin : Cheval Lyrique au Festival des Jardins-Abbaye de Barbery 14-Annul\u00e9, sur FC LUN\u00c9VILLE consult\u00e9 le 24 d\u00e9cembre 2019 Nom original: 3e Rencontres equestres de Luneville au 27 juin-2 1.pdf Titre: untitled Ce montant inclut les droits de douane, les taxes, les frais de courtage et les autres frais applicables. Ce montant pourra \u00eatre modifi\u00e9 jusqu\u00e0 ce que vous ayez effectu\u00e9 le paiement. Pour en savoir plus, consultez les Ce montant inclut les droits de douane, les taxes, les frais de courtage et les autres frais applicables. Ce montant pourra \u00eatre modifi\u00e9 jusqu\u00e0 ce que vous ayez effectu\u00e9 le paiement. Si vous r\u00e9sidez dans un pays membre de lUnion europ\u00e9enne autre que le Royaume-Uni, vous ne pourrez pas r\u00e9cup\u00e9rer la TVA \u00e0 limportation pour cet achat. Pour en savoir plus, consultez les  Vous pourrez \u00e9galement vous procurer des articles de papeterie : cahiers, stylos, carnets, cartes postales, trousses ainsi que du mat\u00e9riel de loisirs cr\u00e9atifs tampons, cartons, <img decoding=\"async\" src=\"http:\/\/www.carrefourdequebec.com\/wp-content\/uploads\/2014\/02\/Cafe-rencontre.jpg\" alt=\"rencontres equestres luneville 2013\" align=\"left\">.<\/p>\n","protected":false},"excerpt":{"rendered":"<p>rencontres equestres luneville 2013<\/p>\n","protected":false},"author":1,"featured_media":0,"comment_status":"closed","ping_status":"closed","sticky":false,"template":"","format":"standard","meta":{"footnotes":""},"categories":[1],"tags":[],"_links":{"self":[{"href":"http:\/\/versa-line.com\/site\/wp-json\/wp\/v2\/posts\/3833"}],"collection":[{"href":"http:\/\/versa-line.com\/site\/wp-json\/wp\/v2\/posts"}],"about":[{"href":"http:\/\/versa-line.com\/site\/wp-json\/wp\/v2\/types\/post"}],"author":[{"embeddable":true,"href":"http:\/\/versa-line.com\/site\/wp-json\/wp\/v2\/users\/1"}],"replies":[{"embeddable":true,"href":"http:\/\/versa-line.com\/site\/wp-json\/wp\/v2\/comments?post=3833"}],"version-history":[{"count":1,"href":"http:\/\/versa-line.com\/site\/wp-json\/wp\/v2\/posts\/3833\/revisions"}],"predecessor-version":[{"id":3834,"href":"http:\/\/versa-line.com\/site\/wp-json\/wp\/v2\/posts\/3833\/revisions\/3834"}],"wp:attachment":[{"href":"http:\/\/versa-line.com\/site\/wp-json\/wp\/v2\/media?parent=3833"}],"wp:term":[{"taxonomy":"category","embeddable":true,"href":"http:\/\/versa-line.com\/site\/wp-json\/wp\/v2\/categories?post=3833"},{"taxonomy":"post_tag","embeddable":true,"href":"http:\/\/versa-line.com\/site\/wp-json\/wp\/v2\/tags?post=3833"}],"curies":[{"name":"wp","href":"https:\/\/api.w.org\/{rel}","templated":true}]}}