{"id":3753,"date":"2020-09-27T13:35:09","date_gmt":"2020-09-27T13:35:09","guid":{"rendered":"http:\/\/versa-line.com\/site\/?p=3753"},"modified":"2020-09-22T17:17:34","modified_gmt":"2020-09-22T17:17:34","slug":"obama-rencontre-aung-san-suu-kyi","status":"publish","type":"post","link":"http:\/\/versa-line.com\/site\/2020\/09\/27\/obama-rencontre-aung-san-suu-kyi\/","title":{"rendered":"Obama Rencontre Aung San Suu Kyi"},"content":{"rendered":"<p><img decoding=\"async\" src=\"http:\/\/www.dvb.no\/wp-content\/uploads\/2018\/09\/pyay-protest-2-2-622x415.jpg\" alt=\"obama rencontre aung san suu kyi\" align=\"right\"> Free Mobile : entre 16 000 et 30 000 emplois seraient cr\u00e9\u00e9s par lop\u00e9rateur Cr\u00e9ez un compte afin dacc\u00e9der \u00e0 la version num\u00e9rique du magazine et \u00e0 lint\u00e9gralit\u00e9 des contenus du Point inclus dans votre offre. \u00c0 partir de 2016, elle fait lobjet de critiques \u00e0 travers le monde en raison de son attitude durant les envers les, groupe ethnique de confession musulmane. Jai r\u00e9affirm\u00e9 la politique que jai pr\u00e9sent\u00e9e samedi \u00e0 Tokyo en ce qui concerne la Birmanie, a d\u00e9clar\u00e9 Obama, sadressant \u00e0 la presse en marge du sommet de lASEAN, organis\u00e9 \u00e0 Singapour apr\u00e8s celui du Forum de coop\u00e9ration Asie-Pacifique. Obama accueille Suu Kyi, lic\u00f4ne devenue dirigeante politique-LExpress Aung San Suu Kyi et John Kerry \u00e0 Washington, le 14 septembre 2016. Jonathan Ernst Reuters <img decoding=\"async\" src=\"http:\/\/puertoricotequiero.com\/wp-content\/uploads\/2015\/11\/wLohdRLUDZ0YgvDcNrYInKhgvwZtYzM3OSO7rkjNY-s.jpg\" alt=\"obama rencontre aung san suu kyi\" align=\"center\"> LONG Global Witness a vivement d\u00e9nonc\u00e9 la d\u00e9cision de M. Obama, jugeant quil avait abandonn\u00e9 trop t\u00f4t un outil pr\u00e9cieux. Lever les sanctions avant que les r\u00e9formes du gouvernement naient port\u00e9 leurs fruits invite de fait les compagnies am\u00e9ricaines \u00e0 faire des affaires avec certaines des pires figures qui appartiennent au pass\u00e9 du pays, ce qui pourrait avoir un impact d\u00e9vastateur sur le terrain, a-t-elle estim\u00e9. Ce fut une guerre secr\u00e8te qui a fait du Laos le pays le plus bombard\u00e9, plus que lAllemagne ou le Japon, a rappel\u00e9 le pr\u00e9sident des Etats-Unis, soucieux dassumer lh\u00e9ritage douloureux de la guerre. Face aux accusations de g\u00e9nocide \u00e0 lencontre des Rohingyas, la Dame de Rangoon d\u00e9fend la Birmanie \u00e0 la Cour internationale de justice.  Marie Normand, Je sens que la Birmanie a besoin de moi, entretien avec Aung San Suu Kyi, publi\u00e9 en pages 10-11 du quotidien n o 9181, dat\u00e9 du 19 novembre 2010. Le paragraphe final r\u00e9v\u00e8le que la Prix Nobel de la Paix a parfaitement compris les questions pos\u00e9es en fran\u00e7ais par la journaliste mais que, faute davoir pu sexercer \u00e0 loral durant ses ann\u00e9es disolement, elle a pr\u00e9f\u00e9r\u00e9 y r\u00e9pondre en anglais. La visite officielle de Barack Obama a \u00e9galement \u00e9t\u00e9 tr\u00e8s attendue par les organisations de d\u00e9fense de la minorit\u00e9 pers\u00e9cut\u00e9e des Rohingyas. En effet, le gouvernement birman qui m\u00e8ne une politique discriminatoire \u00e0 lencontre de la minorit\u00e9 musulmane, ne reconnait pas leur nom et a r\u00e9cemment demand\u00e9 \u00e0 la communaut\u00e9 internationale, \u00e0 commencer par les \u00c9tats-Unis et lONU, de cesser dutiliser le mot Rohingya. Une campagne Pr\u00e9sident Obama, say Rohingyas! JustSayTheirName relay\u00e9e par des citoyens du monde entier, appelait ainsi le pr\u00e9sident Obama \u00e0 parler de la minorit\u00e9 en utilisant son nom. Barack Obama na pas jou\u00e9 le jeu du gouvernement birman puisquil a mentionn\u00e9 publiquement les Rohingyas et les discriminations auxquelles ils sont expos\u00e9s dans l\u00c9tat dArakan. Toutefois, alors que le Rapporteur sp\u00e9cial des Nations Unies pour les droits de lhomme en Birmanie \u00e9voquait en f\u00e9vrier des signes avant-coureurs de g\u00e9nocide, une simple mention des discriminations auxquelles fait face la minorit\u00e9, semble bien insuffisante. Royaume-Uni : Boris Johnson estime que les manifestations antiracistes sont prises en otage par des extr\u00e9mistes Le centre d\u00e9tudes strat\u00e9giques et internationales CSIS de Washington avait plaid\u00e9 pour que le pr\u00e9sident Obama rencontre son homologue birman, au m\u00eame moment que Suu Kyi, afin de ne pas minimiser son r\u00f4le courageux dans les r\u00e9formes. Washington d\u00e9roule mercredi le tapis rouge pour lic\u00f4ne de la d\u00e9mocratie birmane, avec une rencontre sans pr\u00e9c\u00e9dent avec le pr\u00e9sident et la remise dune prestigieuse m\u00e9daille dor du Congr\u00e8s. Son parti, la Ligue nationale pour la d\u00e9mocratie NLD, a \u00e9t\u00e9 port\u00e9 au pouvoir par les l\u00e9gislatives de novembre 2015, premier scrutin libre depuis des d\u00e9cennies, quatre ans apr\u00e8s lauto-dissolution de la junte militaire en 2011.  Recevez tous les jours lessentiel de lactualit\u00e9 avec la newsletter CharenteLibre.fr. <img decoding=\"async\" src=\"http:\/\/4.bp.blogspot.com\/-loPyXKbRvRc\/Ua3pDf-JUDI\/AAAAAAAABfs\/cjLJwxrXZeA\/s1600\/Macadam_BI+UK+Dustin+Hoffman_June+2013.jpg\" alt=\"obama rencontre aung san suu kyi\" align=\"right\"> .<\/p>\n","protected":false},"excerpt":{"rendered":"<p>obama rencontre aung san suu kyi<\/p>\n","protected":false},"author":1,"featured_media":0,"comment_status":"closed","ping_status":"closed","sticky":false,"template":"","format":"standard","meta":{"footnotes":""},"categories":[1],"tags":[],"_links":{"self":[{"href":"http:\/\/versa-line.com\/site\/wp-json\/wp\/v2\/posts\/3753"}],"collection":[{"href":"http:\/\/versa-line.com\/site\/wp-json\/wp\/v2\/posts"}],"about":[{"href":"http:\/\/versa-line.com\/site\/wp-json\/wp\/v2\/types\/post"}],"author":[{"embeddable":true,"href":"http:\/\/versa-line.com\/site\/wp-json\/wp\/v2\/users\/1"}],"replies":[{"embeddable":true,"href":"http:\/\/versa-line.com\/site\/wp-json\/wp\/v2\/comments?post=3753"}],"version-history":[{"count":1,"href":"http:\/\/versa-line.com\/site\/wp-json\/wp\/v2\/posts\/3753\/revisions"}],"predecessor-version":[{"id":3754,"href":"http:\/\/versa-line.com\/site\/wp-json\/wp\/v2\/posts\/3753\/revisions\/3754"}],"wp:attachment":[{"href":"http:\/\/versa-line.com\/site\/wp-json\/wp\/v2\/media?parent=3753"}],"wp:term":[{"taxonomy":"category","embeddable":true,"href":"http:\/\/versa-line.com\/site\/wp-json\/wp\/v2\/categories?post=3753"},{"taxonomy":"post_tag","embeddable":true,"href":"http:\/\/versa-line.com\/site\/wp-json\/wp\/v2\/tags?post=3753"}],"curies":[{"name":"wp","href":"https:\/\/api.w.org\/{rel}","templated":true}]}}