{"id":3729,"date":"2020-09-27T17:58:49","date_gmt":"2020-09-27T17:58:49","guid":{"rendered":"http:\/\/versa-line.com\/site\/?p=3729"},"modified":"2020-09-22T16:24:42","modified_gmt":"2020-09-22T16:24:42","slug":"premiere-rencontre-belgique-pays-bas","status":"publish","type":"post","link":"http:\/\/versa-line.com\/site\/2020\/09\/27\/premiere-rencontre-belgique-pays-bas\/","title":{"rendered":"Premiere Rencontre Belgique Pays Bas"},"content":{"rendered":"<p> 5 juin 1568 : Les comtes dEgmont et de Hornes sont d\u00e9capit\u00e9s \u00e0 Bruxelles, alors que les troupes du protestant Louis de Nassau viennent de remporter le combat de Heiligerlee. Linsurrection se d\u00e9veloppe et les gueux de mer entretiennent la piraterie depuis la c\u00f4te frisonne ou anglaise. Nous utilisons les t\u00e9moins de navigation cookies afin dop\u00e9rer et dam\u00e9liorer nos services ainsi qu\u00e0 des fins publicitaires. Les subordonnants polyvalents : ut, cum, et quod suivis de lindicatif et du subjonctif ; Ao\u00fbt 1465 : Les Bourguignons mettent \u00e0 sac Dinant. Le mouvement anabaptiste qui se r\u00e9pandait rapidement insistait sur limminence du deuxi\u00e8me retour du Seigneur les vrais croyants devaient vivre dans la puret\u00e9, sans violence, dans une assembl\u00e9e exempte de p\u00e9ch\u00e9. Un groupe danabaptistes en constante croissance, sous la conduite de Jan Matthijs appel\u00e9 plus tard par ses disciples Jan van Leyden tenta d\u00e9tablir la Nouvelle J\u00e9rusalem dans la ville de Munster. Ils r\u00e9ussirent \u00e0 prendre le pouvoir du Conseil de la ville, tous les habitants devaient sarmer contre le Prince \u00e9v\u00eaque. Celui-ci forma une arm\u00e9e pour reconqu\u00e9rir la ville. Voici les informations que vous devez retenir concernant la campagne 2020 relative \u00e0 la d\u00e9clinaison du projet sportif f\u00e9d\u00e9ral de la FFBaD, dans le cadre d\u00e9fini par lAgence nationale du Sport ANS. <img decoding=\"async\" src=\"http:\/\/1.bp.blogspot.com\/-fmvsbxN9qUg\/VHSAe9kVjXI\/AAAAAAAABWc\/Qpk3jy2BQz4\/s1600\/IMG_1762%2Bcopie.jpg\" alt=\"premiere rencontre belgique pays bas\" align=\"center\"> Lassembl\u00e9e g\u00e9n\u00e9rale de la Pro League de football se r\u00e9unit ce vendredi \u00e0 partir de 16 heures par visioconf\u00e9rence pour ce qui promet d\u00eatre une discussion br\u00fblante. Le vote pour mettre d\u00e9finitivement fin \u00e0 la saison 2019-2020 ne semble \u00eatre quune formalit\u00e9. Il y a moins dunanimit\u00e9 sur la fa\u00e7on dont les comp\u00e9titions de D1A et D1B devraient \u00eatre conclues, sur les cons\u00e9quences \u00e0 donner au classement et sur la physionomie du football professionnel belge la saison prochaine.  1559 : Division des Pays-Bas en dix-huit \u00e9v\u00each\u00e9s d\u00e9pendant des trois archev\u00each\u00e9s de Malines, Cambrai et Utrecht. \u00c0 partir de la fin du XIII e si\u00e8cle plusieurs batailles ont lieu entre le roi de France et les communes de Flandre, les comtes \u00e9tant tant\u00f4t dun c\u00f4t\u00e9, tant\u00f4t de lautre. La garnison fran\u00e7aise \u00e0 est massacr\u00e9e lors de la r\u00e9volte des le, et lost royal est \u00e9cras\u00e9 par les milices communales \u00e0 la, dite des \u00e9perons dor le 11 juillet de la m\u00eame ann\u00e9e. Cette bataille est aujourdhui consid\u00e9r\u00e9e comme la naissance de la nation flamande, bien que la actuelle et le de l\u00e9poque ne se recouvrent que partiellement. Obtiendra sa revanche \u00e0 la le. Tout dabord, la loi belge autorise les m\u00e9decins \u00e0 refuser de pratiquer une interruption volontaire de grossesse en raison de leur objection de conscience. En effet, la loi stipule que: Aucun m\u00e9decin, aucun infirmier ou infirmi\u00e8re, aucun auxiliaire m\u00e9dical nest tenu de concourir \u00e0 une interruption volontaire de grossesse. Le m\u00e9decin sollicit\u00e9 est tenu dinformer lint\u00e9ress\u00e9e d\u00e8s la premi\u00e8re visite de son refus dintervention. Le t\u00e9moignage de Thomas : Lexpatriation ma permis de retrouver mon amour propre. La logique de la faible capacit\u00e9 de transmission a pourtant \u00e9t\u00e9 reprise par le ministre de la Sant\u00e9 Olivier V\u00e9ran sur France 2 le 21 avril. Les \u00e9tudes sont en cours de stabilisation, avait indiqu\u00e9 ce dernier. On tend \u00e0 penser que plus les enfants sont petits, notamment ceux de moins de dix ans, plus le risque de transmission serait faible, ajoutait-il, affirmant \u00e0 l\u00e9poque donner cette information au conditionnel car l\u00e9volution des connaissances scientifiques sur ce virus est constante. B rappeler les diverses possibilit\u00e9s daccueil de lenfant \u00e0 na\u00eetre et faire appel, le cas \u00e9ch\u00e9ant, au personnel du service dinformation vis\u00e9 au 1, b, pour accorder lassistance et donner les conseils qui y sont vis\u00e9s; 850 : Lothaire laisse les Vikings sinstaller durablement sur les rives du Waal, la branche du Rhin en aval dEmmerich qui finit par se confondre avec la Meuse. Ils pourront de l\u00e0 menacer toute la Rh\u00e9nanie inf\u00e9rieure pendant une quarantaine dann\u00e9es. Apr\u00e8s avoir ravag\u00e9 le bassin de lEscaut, les Scandinaves sattaquent \u00e0 celui de la Meuse \u00e0 partir des ann\u00e9es 880. Les raisons sont simples. A cause des Accords de Schengen, les Syriens voulaient arriver en Italie, pas en Gr\u00e8ce. Car sils r\u00e9ussissaient \u00e0 atteindre lItalie, ils pouvaient rejoindre lAllemagne en \u00e0 peine une demi-journ\u00e9e en train ou en voiture, sans aucun contr\u00f4le douanier. Autre avantage : volontairement, les autorit\u00e9s italiennes nenregistraient quasi personne. Les r\u00e9fugi\u00e9s migrants pouvaient donc faire leur premi\u00e8re demande dasile en Allemagne. Il nexistait pas de preuve attestant quils s\u00e9taient dabord pr\u00e9sent\u00e9s en Italie. R\u00e9sultat : lAllemagne ne pouvait pas les renvoyer en Italie. Car selon le Syst\u00e8me Dublin, les r\u00e9fugi\u00e9s doivent introduire leur demande dasile dans leur pays darriv\u00e9e en Europe.  <img decoding=\"async\" src=\"http:\/\/www.gerard-lenorman.net\/fotos\/grammont22et23oct1988\/rencontres.jpg\" alt=\"premiere rencontre belgique pays bas\" align=\"left\"> En revanche, le fait datteindre les soldes budg\u00e9taires pr\u00e9vus par la Commission europ\u00e9enne pour 1998 et de garder un budget en \u00e9quilibre \u00e0 partir de.. <img decoding=\"async\" src=\"http:\/\/www.variocla.ga\/images\/images\/category_713\/Femme-achats-en-ligne-Acheter-en-ligne-Junya-Watanabe-Comme-Des-Gar%C3%A7ons-layered-tartan-sweater-Q4lbAjB2H_1.jpg\" alt=\"premiere rencontre belgique pays bas\" align=\"left\"> Comme je lai dit, jai la particularit\u00e9 davoir trois nationalit\u00e9s : fran\u00e7aise, belge et italienne. Ce qui ne ma apport\u00e9 que des ennuis administratifs, comme davoir un moment \u00e9t\u00e9 d\u00e9clar\u00e9 d\u00e9serteur de larm\u00e9e italienne pour ne pas m\u00eatre d\u00e9gag\u00e9 \u00e0 temps de mes obligations de service militaire.<\/p>\n","protected":false},"excerpt":{"rendered":"<p>premiere rencontre belgique pays bas<\/p>\n","protected":false},"author":1,"featured_media":0,"comment_status":"closed","ping_status":"closed","sticky":false,"template":"","format":"standard","meta":{"footnotes":""},"categories":[1],"tags":[],"_links":{"self":[{"href":"http:\/\/versa-line.com\/site\/wp-json\/wp\/v2\/posts\/3729"}],"collection":[{"href":"http:\/\/versa-line.com\/site\/wp-json\/wp\/v2\/posts"}],"about":[{"href":"http:\/\/versa-line.com\/site\/wp-json\/wp\/v2\/types\/post"}],"author":[{"embeddable":true,"href":"http:\/\/versa-line.com\/site\/wp-json\/wp\/v2\/users\/1"}],"replies":[{"embeddable":true,"href":"http:\/\/versa-line.com\/site\/wp-json\/wp\/v2\/comments?post=3729"}],"version-history":[{"count":1,"href":"http:\/\/versa-line.com\/site\/wp-json\/wp\/v2\/posts\/3729\/revisions"}],"predecessor-version":[{"id":3730,"href":"http:\/\/versa-line.com\/site\/wp-json\/wp\/v2\/posts\/3729\/revisions\/3730"}],"wp:attachment":[{"href":"http:\/\/versa-line.com\/site\/wp-json\/wp\/v2\/media?parent=3729"}],"wp:term":[{"taxonomy":"category","embeddable":true,"href":"http:\/\/versa-line.com\/site\/wp-json\/wp\/v2\/categories?post=3729"},{"taxonomy":"post_tag","embeddable":true,"href":"http:\/\/versa-line.com\/site\/wp-json\/wp\/v2\/tags?post=3729"}],"curies":[{"name":"wp","href":"https:\/\/api.w.org\/{rel}","templated":true}]}}