{"id":3575,"date":"2020-09-26T15:59:43","date_gmt":"2020-09-26T15:59:43","guid":{"rendered":"http:\/\/versa-line.com\/site\/?p=3575"},"modified":"2020-09-22T09:52:38","modified_gmt":"2020-09-22T09:52:38","slug":"chat-reims","status":"publish","type":"post","link":"http:\/\/versa-line.com\/site\/2020\/09\/26\/chat-reims\/","title":{"rendered":"Chat Reims"},"content":{"rendered":"<p>Jentretiens une relation fusionnelle depuis toujours avec les animaux de toute sorte. Je suis une personne engag\u00e9e dans la cause animale. Je vis \u00e0 Reims dans un appartement de 65 m2. Mais je mengage \u00e0 les sortir et \u00e0 men occuper tel que je ferai pour les miens. <img decoding=\"async\" src=\"http:\/\/www.refugedejouvence.fr\/images\/refuge-chat-reims_3.jpg\" alt=\"chat reims\" align=\"left\"> Lassociation Charlotte Even g\u00e8re \u00e9galement la fourri\u00e8re et prend en charge les animaux errants sur la voie publique que leur apportent les agents municipaux. On v\u00e9rifie syst\u00e9matiquement sils sont identifi\u00e9s, comme limpose la loi. Cest le cas pour 75 des chiens, moins de 20 chez les chats. Lorsquils le sont, on contacte les propri\u00e9taires pour quils viennent les r\u00e9cup\u00e9rer. Moyennant un remboursement des frais de garde et de nourriture occasionn\u00e9s pour la structure, soit 12 euros par jour. Apr\u00e8s une p\u00e9riode de dix \u00e0 douze jours, les rescap\u00e9s sont identifi\u00e9s, vaccin\u00e9s, st\u00e9rilis\u00e9s puis propos\u00e9s \u00e0 ladoption. Les euthanasies pratiqu\u00e9es en nombre dans les fourri\u00e8res par manque de place ne sont donc quune l\u00e9gende? Vous imaginez? Tuer des animaux sans aucune raison? On retrouve les ma\u00eetres la plupart du temps. Il arrive quon doive euthanasier certains animaux, peut-\u00eatre une dizaine par an. Mais uniquement dans les cas extr\u00eames, lorsquils sont vraiment trop agressifs sur d\u00e9cision judiciaire, ou trop malades pour \u00eatre sauv\u00e9s.  <img decoding=\"async\" src=\"http:\/\/1.bp.blogspot.com\/-rU_c7bCMMFs\/U7OgAiQuPNI\/AAAAAAAAGdE\/eAdqJV4YzXQ\/s1600\/LeVergeur2014-06-2916.01.42.jpg\" alt=\"chat reims\" align=\"left\"> <img decoding=\"async\" src=\"http:\/\/imgc.allpostersimages.com\/images\/P-473-488-90\/22\/2271\/BKQZD00Z\/posters\/walter-rawlings-west-front-reims-cathedral-unesco-world-heritage-site-champagne-france-europe.jpg\" alt=\"chat reims\" align=\"center\"> Ayant deux chats et vivant en appartement, je ne peux malheureusement pas garder \u00e0 domicile vos poilus tel que les chiens ou les chats except\u00e9 les petits chiens et chatons. Leur bien-\u00eatre est ce qui mimporte le plus donc je pr\u00e9f\u00e8re venir men occuper..  Bonjour, poss\u00e9dant 2 chiens et ayant eu loccasion de garder et de moccuper danimaux de compagnie, je vous propose mes services. Votre petit compagnon est tomb\u00e9 malade? Il peut \u00eatre difficile de trouver rapidement un bon sp\u00e9cialiste pour le soigner. Avec zooplus, trouvez le v\u00e9t\u00e9rinaire qui vous convient selon sa sp\u00e9cialit\u00e9 et le lieu de son cabinet. Les \u00e9valuations et recommandations des clients vous aideront \u00e0 faire votre choix pour trouver le bon v\u00e9t\u00e9rinaire dans votre r\u00e9gion. Consultez d\u00e8s maintenant notre. Quand faire appel \u00e0 un ost\u00e9opathe caninf\u00e9lin? En pr\u00e9ventif Cest avec plaisir que je vous accueillerai avec votre animal afin de faire des photos super sympas! Le Domaine de Cauvigny, sp\u00e9cialiste en pension chat, Reims, est \u00e0 votre service pour votre demande en pension chat. Vous habitez \u00e0 Reims, nous nous tenons \u00e0 votre disposition pour tous renseignements sur votre recherche en pension chat. Vous pouvez d\u00e9sactiver les cookies de notre outil de mesure daudience AT Internet : Travaux de lAcad\u00e9mie nationale de Reims-Acad\u00e9mie nationale de Reims-Google Books Nous lan\u00e7ons un appel urgent \u00e0 toutes et tous. La pand\u00e9mie de la Covid a s\u00e9rieusement mis \u00e0 mal les finances de lassociation! Garde danimaux \u00e0 Reims entre particuliers gratuitement  Minette, un petit c\u0153ur \u00e0 la recherche dune famille pour la vie. LHebdo du Vendredi Jardinerie en ligne : achat plantes, conseils jardinage, animalerie, d\u00e9co maison Avec pr\u00e8s de 3 000 b\u00e9n\u00e9voles actifs dans la Marne, 250 associations adh\u00e9rentes et plus de 25 000 jeunes de 0 \u00e0 25 ans accompagn\u00e9s sur le plan social, culturel ou sportif, la Ligue de lenseignement simpose comme un acteur majeur de l\u00e9ducation.. Informations \u00e0 compter du 11 mai 2020, tous nos magasins vous accueillent-Port du masque obligatoire Colliers, laisses et v\u00eatements Colliers, laisses et v\u00eatements Vous avez un d\u00e9placement professionnel ou vous partez en vacances.. 1 si vous utilisez le navigateur Internet Explorer \u00cates-vous s\u00fbr de vouloir annuler votre commande? Annuler cette commande.<\/p>\n","protected":false},"excerpt":{"rendered":"<p>chat reims<\/p>\n","protected":false},"author":1,"featured_media":0,"comment_status":"closed","ping_status":"closed","sticky":false,"template":"","format":"standard","meta":{"footnotes":""},"categories":[1],"tags":[],"_links":{"self":[{"href":"http:\/\/versa-line.com\/site\/wp-json\/wp\/v2\/posts\/3575"}],"collection":[{"href":"http:\/\/versa-line.com\/site\/wp-json\/wp\/v2\/posts"}],"about":[{"href":"http:\/\/versa-line.com\/site\/wp-json\/wp\/v2\/types\/post"}],"author":[{"embeddable":true,"href":"http:\/\/versa-line.com\/site\/wp-json\/wp\/v2\/users\/1"}],"replies":[{"embeddable":true,"href":"http:\/\/versa-line.com\/site\/wp-json\/wp\/v2\/comments?post=3575"}],"version-history":[{"count":1,"href":"http:\/\/versa-line.com\/site\/wp-json\/wp\/v2\/posts\/3575\/revisions"}],"predecessor-version":[{"id":3576,"href":"http:\/\/versa-line.com\/site\/wp-json\/wp\/v2\/posts\/3575\/revisions\/3576"}],"wp:attachment":[{"href":"http:\/\/versa-line.com\/site\/wp-json\/wp\/v2\/media?parent=3575"}],"wp:term":[{"taxonomy":"category","embeddable":true,"href":"http:\/\/versa-line.com\/site\/wp-json\/wp\/v2\/categories?post=3575"},{"taxonomy":"post_tag","embeddable":true,"href":"http:\/\/versa-line.com\/site\/wp-json\/wp\/v2\/tags?post=3575"}],"curies":[{"name":"wp","href":"https:\/\/api.w.org\/{rel}","templated":true}]}}