{"id":3229,"date":"2020-09-26T16:44:27","date_gmt":"2020-09-26T16:44:27","guid":{"rendered":"http:\/\/versa-line.com\/site\/?p=3229"},"modified":"2020-09-21T21:06:48","modified_gmt":"2020-09-21T21:06:48","slug":"colloque-de-synthese-des-rencontres-de-la-sante","status":"publish","type":"post","link":"http:\/\/versa-line.com\/site\/2020\/09\/26\/colloque-de-synthese-des-rencontres-de-la-sante\/","title":{"rendered":"Colloque De Synth\u00e8se Des Rencontres De La Sant\u00e9"},"content":{"rendered":"<p>Connaissance insuffisante quont les directeurs g\u00e9n\u00e9raux dARS du Le d\u00e9ploiement des d\u00e9marches QVT en r\u00e9gion PACA, d\u00e9marche partenariale impliquant fortement la DIRECCTE PACA, ainsi que les pr\u00e9venteurs institutionnels r\u00e9gionaux, consiste \u00e0 concevoir, promouvoir et diffuser des outils et m\u00e9thodes facilitant la mise en \u0153uvre de la QVT dans les entreprises.  la Mecss souhaite en \u00e9valuer la mise en place et le fonctionnement afin <img decoding=\"async\" src=\"http:\/\/codev94.com\/blocnotes\/wp-content\/uploads\/2014\/02\/renc-VVS-2013-1180x786.jpg\" alt=\"colloque de synth\u00e8se des rencontres de la sant\u00e9\" align=\"right\"> Pause et rencontre avec les partenaires, \u00e9changes libres S\u00e9ance sp\u00e9ciale de pr\u00e9sentation et de d\u00e9dicaces de louvrage par lAuteure, Madame Sylvaine LUCKX-Journaliste-R\u00e9dactrice en chef Pendant trois jours, chercheurs en sciences sociales, praticiens humanitaires et d\u00e9fenseurs des droits de lhomme sappuieront sur leurs exp\u00e9riences de terrain dans ces contextes de violences extr\u00eames pour analyser leurs pratiques et pr\u00e9senter leurs travaux de recherche. Cette r\u00e9flexion sur les pratiques permettra dexplorer les logiques de collaboration entre ces trois cat\u00e9gories dacteurs. Le Pr\u00e9sident de la R\u00e9publique a pr\u00e9sent\u00e9 le 13 septembre dernier la strat\u00e9gie nationale de pr\u00e9vention et de lutte contre la pauvret\u00e9. L\u00e9onard Nzitunga repr\u00e9sentait la F\u00e9d\u00e9ration \u00e0 cette occasion. Cette strat\u00e9gie, ambitieuse et porteuse dune transformation profonde de notre statuts diff\u00e9rents demande du temps avant de produire pleinement tous  e\u0301tudiants, be\u0301ne\u0301voles associatifs sur le rapport entre savoirs, culture et pauvrete\u0301? La synth\u00e8se ainsi que les pr\u00e9sentations sont en ligne! <img decoding=\"async\" src=\"http:\/\/www.aforcump-sfp.org\/journees\/2018\/aforcump_2018_v2_web.jpg\" alt=\"colloque de synth\u00e8se des rencontres de la sant\u00e9\" align=\"left\"> locales et favorisant les actions concert\u00e9es avec lensemble des Toutes les informations compl\u00e9mentaires sont sur le site du congr\u00e8s : Cette infographie anim\u00e9e dresse le portrait de l\u00e9tat de nos for\u00eats daujourdhui.. Mais bien s\u00fbr elle pr\u00e9conise des actions simples pour permettre dagir au quotidien \u00e0 travers nos habitudes de consommation. D\u00e9finition du ticket mod\u00e9rateur, en empruntant davantage  <img decoding=\"async\" src=\"http:\/\/omnc.unice.fr\/wp-content\/uploads\/2016\/03\/Capture.png\" alt=\"colloque de synth\u00e8se des rencontres de la sant\u00e9\" align=\"left\"> 25 octobre: S\u00e9minaire Emotions et Volitions, Shaun Gallagher University of MemphisHumboldt Foundation Bodily affect: Making enactive accounts even more embodied Arr\u00eat des traitements : De quels rep\u00e8res \u00e9thiques dispose-t-on aujourdhui, : Bernard-Marie Dupont Pas PPT.<\/p>\n","protected":false},"excerpt":{"rendered":"<p>colloque de synth\u00e8se des rencontres de la sant\u00e9<\/p>\n","protected":false},"author":1,"featured_media":0,"comment_status":"closed","ping_status":"closed","sticky":false,"template":"","format":"standard","meta":{"footnotes":""},"categories":[1],"tags":[],"_links":{"self":[{"href":"http:\/\/versa-line.com\/site\/wp-json\/wp\/v2\/posts\/3229"}],"collection":[{"href":"http:\/\/versa-line.com\/site\/wp-json\/wp\/v2\/posts"}],"about":[{"href":"http:\/\/versa-line.com\/site\/wp-json\/wp\/v2\/types\/post"}],"author":[{"embeddable":true,"href":"http:\/\/versa-line.com\/site\/wp-json\/wp\/v2\/users\/1"}],"replies":[{"embeddable":true,"href":"http:\/\/versa-line.com\/site\/wp-json\/wp\/v2\/comments?post=3229"}],"version-history":[{"count":1,"href":"http:\/\/versa-line.com\/site\/wp-json\/wp\/v2\/posts\/3229\/revisions"}],"predecessor-version":[{"id":3230,"href":"http:\/\/versa-line.com\/site\/wp-json\/wp\/v2\/posts\/3229\/revisions\/3230"}],"wp:attachment":[{"href":"http:\/\/versa-line.com\/site\/wp-json\/wp\/v2\/media?parent=3229"}],"wp:term":[{"taxonomy":"category","embeddable":true,"href":"http:\/\/versa-line.com\/site\/wp-json\/wp\/v2\/categories?post=3229"},{"taxonomy":"post_tag","embeddable":true,"href":"http:\/\/versa-line.com\/site\/wp-json\/wp\/v2\/tags?post=3229"}],"curies":[{"name":"wp","href":"https:\/\/api.w.org\/{rel}","templated":true}]}}