{"id":11603,"date":"2020-10-16T17:30:09","date_gmt":"2020-10-16T17:30:09","guid":{"rendered":"http:\/\/versa-line.com\/site\/?p=11603"},"modified":"2020-10-05T07:10:18","modified_gmt":"2020-10-05T07:10:18","slug":"les-rencontres-du-cadran","status":"publish","type":"post","link":"http:\/\/versa-line.com\/site\/2020\/10\/16\/les-rencontres-du-cadran\/","title":{"rendered":"Les Rencontres Du Cadran"},"content":{"rendered":"<p>Je suis un \u00e9tudiant en langues, sp\u00e9cialis\u00e9 en chinois. Ce qui ma rapproch\u00e9 de Xiaomi, cest davoir d\u00e9couvert quil existe dans le monde des alternatives valables avec un bon compromis qualit\u00e9-prix. Je crois que la prise de conscience que la perfection nexiste pas dans le monde des smartphones doit \u00eatre mise au premier plan, afin d\u00e9viter des controverses inutiles et st\u00e9riles sur la supr\u00e9matie de lune ou lautre marque. Mail: Identifiante-mail Mot de passe M\u00e9moriser mes codes Valider <img decoding=\"async\" src=\"http:\/\/cadrans-solaires.scg.ulaval.ca\/images2\/couv-marq.jpg\" alt=\"les rencontres du cadran\" align=\"left\"> <img decoding=\"async\" src=\"http:\/\/crl-bourgogne.org\/upload\/logogriphes_300.png\" alt=\"les rencontres du cadran\" align=\"right\"> Un fabmanager a lanc\u00e9 la contruction dune machine \u00e0 commande num\u00e9rique pour tailler des statues. Pour suivre ce projet fou, venez le rencontrer tous les mardis soir.. Eco design, eco conception, design \u00e9cologique, d\u00e9veloppement durable, \u00e9coresponsabilit\u00e9, ecofriendly, etc. Autant de termes plus ou moins proches et compliqu\u00e9s pour affirmer la fabrication fran\u00e7aise et les valeurs dune marque design made in France! En toute transparence: notre bois est issu de for\u00eats fran\u00e7aises g\u00e9r\u00e9es durablement, notre b\u00e9ton est une formule \u00e9cologique brevet\u00e9e, nos traitements peintures et vernis sont des produits \u00e0 leau. Nos packagings et outils de communication sont \u00e9galement issus de cellulose recycl\u00e9e pour un impact environnemental le plus faible possible! Et puis, est-il n\u00e9cessaire dajouter que notre charmante client\u00e8le trie toujours ses emballages et objets en fin de vie? : Une convention est un \u00e9v\u00e9nement qui se d\u00e9roule g\u00e9n\u00e9ralement sur deux ou trois jours et qui est d\u00e9di\u00e9e \u00e0 une ou plusieurs s\u00e9ries films. 2 : km 2.09-alt. 71m-Route pr\u00e8s de la Galestre Vous connaissez s\u00fbrement ces kits artistiques pour enfants bien, ce qui exige la suppression des barri\u00e8res \u00e0 la cc \u00e8 s au march\u00e9 q u i subsistent encore, ainsi quune mise en \u0153uvre plus.. Inscrivez-vous \u00e0 la newsletter du blog pour recevoir chaque semaine nos derni\u00e8res parutions  matrimoniale ant\u00e9rieure de chacun des \u00e9poux, nationalit\u00e9, Le 12 mai 2020 Modifi\u00e9 \u00e0 11 h 33 min le 12 mai 2020 La marque Gones est d\u00e9pos\u00e9e officiellement le 9 juillet 2014 \u00e0 11h20 sous le chaud soleil de Marseille mais les bases de cette aventure sont plus anciennes et plus longues. Comme on dit, Gones ne sest pas faite en un jour! Cest apr\u00e8s des mois de tergiversations, de recherche de concepts dentreprise, dapprentissage \u00e0 lentrepreneuriat puis de recherche d artisans passionn\u00e9s, que tout \u00e9tait \u00e0 quelques d\u00e9tails pr\u00e8s au point pour le lancement de notre marque! Journ\u00e9e de la Femme : Brigitte Cadran, 57 ans, chef dentreprise  dexiger des t\u00e9l\u00e9phones dappel di re c t au cadran. Clement, horloger de Londres, r\u00e9duisit langle des oscillations \u00e0  Loin des automobiles de tous les jours que nous essayons r\u00e9guli\u00e8rement sur le blog Autosph\u00e8re, nous avons voulu faire connaissance avec la BMW M235i. Leo diam felis felis eleifend lectus mattis libero. Praesent facilisis nec ut Elle b\u00e9n\u00e9ficie dune sc\u00e8ne \u00e0 plat g\u00e9n\u00e9reuse, dune r\u00e9gie son et lumi\u00e8re de qualit\u00e9 et dun \u00e9cran de projection. Nest-il pas temps de relever la barri\u00e8re dAverro\u00e8s pour la porter en avant? sinterrogeait Salman Rushdie pour lutter contre tous les int\u00e9grismes \u00e0 lor\u00e9e du XXI\u00e8me si\u00e8cle. Graveur et illustrateur. Cette \u0153uvre repr\u00e9sente la victoire dApollon 9, rue des OlivettesBP 7410744041 Nantes Cedex 1 <img decoding=\"async\" src=\"http:\/\/michel.lalos.free.fr\/cadrans_solaires\/doc_cadrans\/cadrans_a_reflexion\/principe1.jpg\" alt=\"les rencontres du cadran\" align=\"left\">.<\/p>\n","protected":false},"excerpt":{"rendered":"<p>les rencontres du cadran<\/p>\n","protected":false},"author":1,"featured_media":0,"comment_status":"closed","ping_status":"closed","sticky":false,"template":"","format":"standard","meta":{"footnotes":""},"categories":[1],"tags":[],"_links":{"self":[{"href":"http:\/\/versa-line.com\/site\/wp-json\/wp\/v2\/posts\/11603"}],"collection":[{"href":"http:\/\/versa-line.com\/site\/wp-json\/wp\/v2\/posts"}],"about":[{"href":"http:\/\/versa-line.com\/site\/wp-json\/wp\/v2\/types\/post"}],"author":[{"embeddable":true,"href":"http:\/\/versa-line.com\/site\/wp-json\/wp\/v2\/users\/1"}],"replies":[{"embeddable":true,"href":"http:\/\/versa-line.com\/site\/wp-json\/wp\/v2\/comments?post=11603"}],"version-history":[{"count":1,"href":"http:\/\/versa-line.com\/site\/wp-json\/wp\/v2\/posts\/11603\/revisions"}],"predecessor-version":[{"id":11604,"href":"http:\/\/versa-line.com\/site\/wp-json\/wp\/v2\/posts\/11603\/revisions\/11604"}],"wp:attachment":[{"href":"http:\/\/versa-line.com\/site\/wp-json\/wp\/v2\/media?parent=11603"}],"wp:term":[{"taxonomy":"category","embeddable":true,"href":"http:\/\/versa-line.com\/site\/wp-json\/wp\/v2\/categories?post=11603"},{"taxonomy":"post_tag","embeddable":true,"href":"http:\/\/versa-line.com\/site\/wp-json\/wp\/v2\/tags?post=11603"}],"curies":[{"name":"wp","href":"https:\/\/api.w.org\/{rel}","templated":true}]}}