{"id":11447,"date":"2020-10-16T00:44:13","date_gmt":"2020-10-16T00:44:13","guid":{"rendered":"http:\/\/versa-line.com\/site\/?p=11447"},"modified":"2020-10-05T02:53:46","modified_gmt":"2020-10-05T02:53:46","slug":"les-rencontres-internationales-de-la-photographie","status":"publish","type":"post","link":"http:\/\/versa-line.com\/site\/2020\/10\/16\/les-rencontres-internationales-de-la-photographie\/","title":{"rendered":"Les Rencontres Internationales De La Photographie"},"content":{"rendered":"<p>VIDEO. D\u00e9confinement : pas de grandes manifestations culturelles ou sportives avant septembre  Les fondateurs de l\u00e9v\u00e9nement, Michel Tournier, Lucien Clergue et Jean-Maurice Rouquette, consid\u00e9raient la photographie comme la quintessence artistique du 20 \u00e8me si\u00e8cle : une forme dart qui jusque-l\u00e0 navait pas \u00e9t\u00e9 appr\u00e9ci\u00e9e \u00e0 sa juste valeur. Ils voyaient un parall\u00e8le entre ce m\u00e9dium extraordinaire et sous-estim\u00e9, et larchitecture romaine et romanesque oubli\u00e9e de la ville. En promouvant les deux, le festival a permis \u00e0 Arles d\u00eatre class\u00e9 au patrimoine mondial de l, et est devenu le lieu incontournable aux yeux des sp\u00e9cialistes de la photographie pour d\u00e9couvrir de nouveaux talents et voir des \u0153uvres dart imprim\u00e9es et expos\u00e9es comme les photographes le voulaient. Ce festival est \u00e0 la photographie ce que Cannes est au cin\u00e9ma. Il constitue chaque ann\u00e9e le Rendez-vous des photographes qui permet \u00e0 Arles de devenir capitale internationale de la photographie. Il aura lieu du 2 juillet au 30 septembre 2018. Expositions :,,,,,,,,,,,,,,,,, Rencontres internationales de la photographie en Gasp\u00e9sie les invit\u00e9s, avec l Op\u00e9ra de Paris, qui pour la seconde fois, sassocie aux Rencontres dArles en proposant des projections de films in\u00e9dits de sa 3e Sc\u00e8ne, et la Fondation Arabe pour lImage et lexposition Des possibles de la photographie Culture Annulation des 51e rencontres internationales de la photographie dArles bullring o r international a s it influence is n ow T he Rencontres Internationales de la Ph otographie,.. Danielle Darrieux, n\u00e9e le 1er mai 1917 est une actrice.. MARIO DEL CURTO HUMANIT\u00c9 V\u00c9G\u00c9TALE, LE JARDIN D\u00c9PLOY\u00c9 Promotion et diffusion de la photographie sous toutes ses formes. Activit\u00e9s : Festival dexpositions de photographies, organisation de stages de photographie. <img decoding=\"async\" src=\"http:\/\/www.mespetitsbonheurs.com\/wp-content\/uploads\/robin-des-bois-cerf-volant-berck-2010.jpg\" alt=\"les rencontres internationales de la photographie\" align=\"center\"> An error has occurred while processing your request. Impression jet dencre pigmentaire sur papier Harman By Hahnemuhle Retrouvez les derni\u00e8res informations de la vie de l\u00c9cole.  <img decoding=\"async\" src=\"http:\/\/imprintcanada.com\/wp-content\/uploads\/2018\/08\/WICS-Collage.png\" alt=\"les rencontres internationales de la photographie\" align=\"center\"> <img decoding=\"async\" src=\"http:\/\/p0.storage.canalblog.com\/07\/98\/814102\/111664563_o.jpg\" alt=\"les rencontres internationales de la photographie\" align=\"center\">  ARLES, 6e Rencontres Internationales de la Photographie : Ansel Adams, Brassa\u00ef, Jean Dieuzaide, Laboye.<\/p>\n","protected":false},"excerpt":{"rendered":"<p>les rencontres internationales de la photographie<\/p>\n","protected":false},"author":1,"featured_media":0,"comment_status":"closed","ping_status":"closed","sticky":false,"template":"","format":"standard","meta":{"footnotes":""},"categories":[1],"tags":[],"_links":{"self":[{"href":"http:\/\/versa-line.com\/site\/wp-json\/wp\/v2\/posts\/11447"}],"collection":[{"href":"http:\/\/versa-line.com\/site\/wp-json\/wp\/v2\/posts"}],"about":[{"href":"http:\/\/versa-line.com\/site\/wp-json\/wp\/v2\/types\/post"}],"author":[{"embeddable":true,"href":"http:\/\/versa-line.com\/site\/wp-json\/wp\/v2\/users\/1"}],"replies":[{"embeddable":true,"href":"http:\/\/versa-line.com\/site\/wp-json\/wp\/v2\/comments?post=11447"}],"version-history":[{"count":1,"href":"http:\/\/versa-line.com\/site\/wp-json\/wp\/v2\/posts\/11447\/revisions"}],"predecessor-version":[{"id":11448,"href":"http:\/\/versa-line.com\/site\/wp-json\/wp\/v2\/posts\/11447\/revisions\/11448"}],"wp:attachment":[{"href":"http:\/\/versa-line.com\/site\/wp-json\/wp\/v2\/media?parent=11447"}],"wp:term":[{"taxonomy":"category","embeddable":true,"href":"http:\/\/versa-line.com\/site\/wp-json\/wp\/v2\/categories?post=11447"},{"taxonomy":"post_tag","embeddable":true,"href":"http:\/\/versa-line.com\/site\/wp-json\/wp\/v2\/tags?post=11447"}],"curies":[{"name":"wp","href":"https:\/\/api.w.org\/{rel}","templated":true}]}}