{"id":11363,"date":"2020-10-16T07:14:59","date_gmt":"2020-10-16T07:14:59","guid":{"rendered":"http:\/\/versa-line.com\/site\/?p=11363"},"modified":"2020-10-05T00:39:58","modified_gmt":"2020-10-05T00:39:58","slug":"rencontre-en-velo","status":"publish","type":"post","link":"http:\/\/versa-line.com\/site\/2020\/10\/16\/rencontre-en-velo\/","title":{"rendered":"Rencontre En Velo"},"content":{"rendered":"<p>Le 35e Festival organis\u00e9 par Cyclo-Camping International sest d\u00e9roul\u00e9 \u00e0 Vincennes les 18 et 19 janvier 2020. Retrouvez les images prises sur le vif, animations, projections, tables rondes, etc. Les livres de la m\u00e9diath\u00e8que de S\u00e9n\u00e9, dans le Morbihan, se baladent hors les murs, \u00e0 v\u00e9lo. Tous les mercredis de mai \u00e0 octobre, entre 15h et 17h, l\u00e9quipe des biblioth\u00e9caires-cyclistes accompagn\u00e9e de b\u00e9n\u00e9voles vont \u00e0 la rencontre des habitants. En parall\u00e8le, ces derniers sont invit\u00e9s \u00e0 contribuer \u00e0 un fonds participatif au sein de la m\u00e9diath\u00e8que Grain de Sel.&#8212;&#8212;&#8212; LePetitJournal.com, m\u00e9dia leader de linformation pour les expatri\u00e9s fran\u00e7ais et francophones. 2017 De nouvelles mesures de s\u00e9curit\u00e9 sont entr\u00e9es en vigueur dans les a\u00e9roports : les appareils \u00e9lectroniques smartphones, tablettes, portables doivent \u00eatre charg\u00e9s et en \u00e9tat de fonctionnement pour tous les vols allant ou passant par les Etats-Unis et Londres. Les agents de contr\u00f4le doivent pouvoir les allumer. Par pr\u00e9caution, ayez votre chargeur \u00e0 port\u00e9e de main. Si votre appareil est d\u00e9charg\u00e9 ou d\u00e9fectueux, il sera confisqu\u00e9. Cette mesure \u00e9tant susceptible d\u00eatre \u00e9tendue \u00e0 dautres a\u00e9roports, nous vous conseillons de charger vos appareils \u00e9lectroniques avant le vol quelle que soit votre destination. Vitr\u00e9 : ils ont parcouru 18.000 km \u00e0 v\u00e9lo, \u00e0 la rencontre des libraires du monde Le Journal de Vitr\u00e9  Nous vous invitons \u00e0 \u00e9changer autour de ces r\u00e9sultats et \u00e0 imaginer un plan v\u00e9lo \u00e0 l\u00e9chelle de la Communaut\u00e9 de Communes le samedi 29 septembre d\u00e8s 15 h au CITEAU de la vague de grands travaux nimois et des gigantesques <img decoding=\"async\" src=\"http:\/\/img.over-blog-kiwi.com\/1\/57\/53\/88\/20170316\/ob_e0ff15_img-20170314-wa0001-1.jpg\" alt=\"rencontre en velo\" align=\"center\"> Un arr\u00eat place Gambetta pour une action symbolique marquera une \u00e9tape dans notre parcours qui sach\u00e8vera parvis de la gare o\u00f9 nous attendra un village darriv\u00e9e pour quelques animations festives!  La voirie doit \u00eatre r\u00e9-am\u00e9nag\u00e9e avec des alternats de places de livraisonsd\u00e9poses-minute l\u00e0 o\u00f9 cest possible. Il faut \u00e9largir \u00e0 certains endroits les trottoirs pour une circulation pi\u00e9tonne continue, lisible et s\u00e9curis\u00e9e pour les enfants, les personnes \u00e2g\u00e9es, les malvoyantes, les personnes porteuses de handicap. Un lien pour cr\u00e9er votre mot de passe vous sera envoy\u00e9 par email. Toi aussi tu appr\u00e9cies et pratique le Velo, et tu cherches \u00e0 rencontrer du monde qui aime et pratique le m\u00eame sport? Double sens cyclable les cyclistes peuvent rouler dans les deux sens dune rue \u00e0 sens unique mat\u00e9rialis\u00e9 par une bande cyclable Les Roues Libres, \u00e0 la rencontre des cyclistes nantais Weelz.fr La r\u00e9dac cest simple : on travaille \u00e0 distance Thierry est en Loire-Atlantique et je suis dans le Massif Central. Les id\u00e9es darticles viennent pour moiti\u00e9 de nos \u00e9changes. Pour le reste ce sont nos lecteurs qui, par leurs demandes et remarques, sont nos grands pourvoyeurs did\u00e9es. Nous avons \u00e9galement nos pigistes qui nous proposent des papiers et avec tous ces affluents nous arrivons \u00e0 avoir presque trop de sujets. Comment voyez-vous lavenir dun trimestriel dans ce monde de la communication imm\u00e9diate? Evidemment, je compte aussi trouver un job dans le marketing. Il y a un temps pour tout et \u00e9galement un temps pour travailler et mettre \u00e0 profit tout ce que jaurais d\u00e9velopp\u00e9 comme qualit\u00e9s humaines pendant mon exp\u00e9! Mi-avril : Prix de la Ville dAubenas-Fl\u00e8che Ard\u00e9choise de la Tribune <img decoding=\"async\" src=\"http:\/\/airesurlalys.centres-sociaux.fr\/files\/2014\/04\/affiche-colo-ete-2014-avril-2014.jpg\" alt=\"rencontre en velo\" align=\"center\"> Un Tour de France \u00e0 v\u00e9lo \u00e0 la rencontre des adh\u00e9rents du SNBI!-Les Brasseurs Ind\u00e9pendants Je ne suis pas responsable \u00e0 ce que je dit je ne suis pas responsable \u00e0 ce que tu comprends pas Je suis -Saint Est\u00e8ve : information, le conseil municipal des jeunes demande des pistes cyclables : il y a donc une forte attente. <img decoding=\"async\" src=\"http:\/\/img.over-blog-kiwi.com\/1\/57\/53\/88\/20160110\/ob_8d0deb_flyer-mahaudiere-2016-2.jpg\" alt=\"rencontre en velo\" align=\"left\"> La mesure 15 du a \u00e9t\u00e9 retravaill\u00e9e par le collectif Grand Bisontin et a \u00e9t\u00e9 r\u00e9dig\u00e9e par l et Trottoirs Libres. Il sagit de donner la priorit\u00e9 aux mobilit\u00e9s actives marche, v\u00e9lo dans lespace public.<\/p>\n","protected":false},"excerpt":{"rendered":"<p>rencontre en velo<\/p>\n","protected":false},"author":1,"featured_media":0,"comment_status":"closed","ping_status":"closed","sticky":false,"template":"","format":"standard","meta":{"footnotes":""},"categories":[1],"tags":[],"_links":{"self":[{"href":"http:\/\/versa-line.com\/site\/wp-json\/wp\/v2\/posts\/11363"}],"collection":[{"href":"http:\/\/versa-line.com\/site\/wp-json\/wp\/v2\/posts"}],"about":[{"href":"http:\/\/versa-line.com\/site\/wp-json\/wp\/v2\/types\/post"}],"author":[{"embeddable":true,"href":"http:\/\/versa-line.com\/site\/wp-json\/wp\/v2\/users\/1"}],"replies":[{"embeddable":true,"href":"http:\/\/versa-line.com\/site\/wp-json\/wp\/v2\/comments?post=11363"}],"version-history":[{"count":1,"href":"http:\/\/versa-line.com\/site\/wp-json\/wp\/v2\/posts\/11363\/revisions"}],"predecessor-version":[{"id":11364,"href":"http:\/\/versa-line.com\/site\/wp-json\/wp\/v2\/posts\/11363\/revisions\/11364"}],"wp:attachment":[{"href":"http:\/\/versa-line.com\/site\/wp-json\/wp\/v2\/media?parent=11363"}],"wp:term":[{"taxonomy":"category","embeddable":true,"href":"http:\/\/versa-line.com\/site\/wp-json\/wp\/v2\/categories?post=11363"},{"taxonomy":"post_tag","embeddable":true,"href":"http:\/\/versa-line.com\/site\/wp-json\/wp\/v2\/tags?post=11363"}],"curies":[{"name":"wp","href":"https:\/\/api.w.org\/{rel}","templated":true}]}}