{"id":11173,"date":"2020-10-15T18:06:10","date_gmt":"2020-10-15T18:06:10","guid":{"rendered":"http:\/\/versa-line.com\/site\/?p=11173"},"modified":"2020-10-04T19:05:11","modified_gmt":"2020-10-04T19:05:11","slug":"espaces-rencontres-hainaut","status":"publish","type":"post","link":"http:\/\/versa-line.com\/site\/2020\/10\/15\/espaces-rencontres-hainaut\/","title":{"rendered":"Espaces Rencontres Hainaut"},"content":{"rendered":"<p>Si vous souhaitez r\u00e9pondre \u00e0 cet appel \u00e0 projets, il est n\u00e9cesaire de remplir le. Ce dernier devra \u00eatre envoy\u00e9 \u00e0 Direction Recherches et D\u00e9veloppement de lONE par courrier recommand\u00e9 pour le 30 ao\u00fbt 2019 au plus tard cachet de la poste faisant foi.  PARTICIPEZ AU GRAND CONCOURS DES CARRI\u00c8RES DU HAINAUT 12062018: Soir\u00e9e conviviale, Intronisations de Martine MICHE et Amandine HAESAERT-une information des droits et devoirs r\u00e9ciproques responsabilit\u00e9 parentale, une contractualisation \u00e0 travers : 10\u00c0 la formulation dhypoth\u00e8ses de paysage expression utilis\u00e9e par Daniel Quesney pour exprimer la capacit\u00e9 dun photographe \u00e0 mettre en forme une situation non identifi\u00e9e, \u00e0 proposer au regard de nouveaux paysages succ\u00e8de la recherche de v\u00e9rification de ph\u00e9nom\u00e8nes d\u00e9j\u00e0 connus. \u00c9videmment, de ces transformations d\u00e9coule celle du r\u00f4le assign\u00e9 au photographe : un itin\u00e9raire photographique doit se concevoir comme un projet n\u00e9 de la rencontre entre un projet de territoire port\u00e9 par un ma\u00eetre douvrage public et le projet artistique dun photographe avertit le guide m\u00e9thodologique de 2008. Or, les OPP confi\u00e9s \u00e0 un photographe commandit\u00e9 pr\u00e9cis\u00e9ment pour son travail artistique se r\u00e9duisent \u00e0 une portion congrue ; dans bien des cas, le photographe semble \u00eatre pass\u00e9 du statut dauteur et collaborateur \u00e0 celui de prestataire. Finalement, \u00e0 une logique relativement ouverte et interactive, mais dont linstrumentalisation appara\u00eet peu concr\u00e8te et difficilement mesurable, a succ\u00e9d\u00e9 une mise en op\u00e9rationnalit\u00e9, au prix dun d\u00e9placement, voire dun effacement du photographique. N\u00e9anmoins, dans le cadre resserr\u00e9 du dispositif tel quil a \u00e9t\u00e9 reconfigur\u00e9 par ling\u00e9nierie territoriale, certains photographes, entre dessaisissement et reprise en main, parviennent \u00e0 cr\u00e9er des espaces au sein desquels produire une r\u00e9flexion, une production et un discours artistiques. DIAPASON, IEAD-R et AEMO-R Intervention Educative A Domicile Renforc\u00e9e et Action Educative en Milieu Ouvert Renforc\u00e9e : 44 accompagnements bump offre aux entreprises un accompagnement sur mesure afin doptimiser la gestion de leurs v\u00e9hicules, \u00e9quipes et \u00e9quipements. Gr\u00e2ce \u00e0 une technologie de g\u00e9olocalisation innovante, nos solutions contribuent \u00e0 la r\u00e9duction des co\u00fbts et au renforcement des performances des entreprises. Elle est adh\u00e9rente de la FNARS F\u00e9d\u00e9ration Nationale des Associations de R\u00e9insertion Sociale, de lURIOPSS Union R\u00e9gionale Interf\u00e9d\u00e9rale des \u0153uvres et Organismes Priv\u00e9s Sanitaires et Sociaux, de lAPMF et de la F\u00e9d\u00e9ration des Espaces Rencontres Le Parc naturel transfrontalier du Hainaut prend forme avec le temps, notamment gr\u00e2ce aux successifs programmes Interreg. Si au d\u00e9but de son existence la coop\u00e9ration se limite \u00e0 quelques actions ponctuelles, peu \u00e0 peu la collaboration sintensifie et devient r\u00e9guli\u00e8re et structur\u00e9e. Les F\u00eates du Parc naturel transfrontalier du Hainaut, c\u00e9l\u00e9br\u00e9es en 2006, 2008, 2010, ont pour but de faire conna\u00eetre le parc naturel \u00e0 ses habitants. Parall\u00e8lement, un lourd travail collaboratif de l\u00e9quipe projet \u00e9largie sest mis en \u0153uvre Architecte en Chef des Monuments Historiques, ing\u00e9nieurs structures, thermiciens, acousticiens, bureaux de contr\u00f4le autour de grandes priorit\u00e9s : limiter les modifications structurelles, gommer les contraintes fonctionnelles, cacher la complexit\u00e9 technique n\u00e9cessaire \u00e0 lusage dun \u00e9quipement h\u00f4telier et son interaction avec les programmations associ\u00e9es, user de techniques innovantes notamment pour restituer les 11 000 m de toiture dorigine d\u00e9grad\u00e9e depuis les bombardements de la Seconde Guerre Mondiale, int\u00e9grer les autoroutes de gaines et de c\u00e2bles, creuser sous le niveau des fondations du XVIII\u00e8me si\u00e8cle le bassin de nage de 2210 m\u00e8tres. En dehors de notre champ de comp\u00e9tence, sest d\u00e9roul\u00e9 le temps des montages fiscaux, des agr\u00e9ments minist\u00e9riels propres \u00e0 ce type de r\u00e9alisation mais qui ont fortement impact\u00e9 le d\u00e9roulement dun tel dossier. Banquet, c\u00e9r\u00e9monie, photographie, musique, d\u00e9coration Cin\u00e9latino, en collaboration avec Bobines films et la 25\u00e8me heure, organise une projection en direct de Perro Bomba de Juan C\u00e1ceres qui sera Dans la section Centres psycho-m\u00e9dico-sociaux CPMS, vous pouvez \u00e9galement consulter les sous sections suivantes: <img decoding=\"async\" src=\"http:\/\/gsreenteam.ga\/wp-content\/medias\/2017\/04\/photo-17-03-2017-10-50-21-1-e1491413747763-1950x2600.jpg\" alt=\"espaces rencontres hainaut\" align=\"center\"> Li\u00e9 \u00e0 ce r\u00e9seau hydrographique en bonne partie artificialis\u00e9, le parc naturel garde un ensemble de zones humides dune grande valeur en termes de biodiversit\u00e9. Il sagit de marais, \u00e9tangs, pr\u00e9s,, et dautres habitats naturels favoris\u00e9s par une pluviosit\u00e9 g\u00e9n\u00e9reuse et un relief plat permettant laccumulation deau. On trouve des sites remarquables comme les, l, la et l, qui sont n\u00e9es \u00e0 cons\u00e9quence d. \u039f\u03b3\u03ba\u03bf\u03c2 \u03c3\u03c4\u03bf \u03c3\u03c4\u03b7\u03b8\u03bf\u03c2 \u03ba\u03b1\u03b9 \u03bb\u03b5\u03bc\u03c6\u03b1\u03b4\u03b5\u03bd\u03b5\u03c2 11 \u0399\u03bf\u03c5\u03bb\u03af\u03bf\u03c5 2018 \u03c0\u03b5\u03c1\u03ae\u03c6\u03b1\u03bd\u03bf\u03b9 \u03cc\u03bb\u03bf\u03b9 \u03bf\u03c1\u03c7\u03b7\u03c3\u03c4\u03c1\u03b9\u03ba\u03cc \u03c7\u03b1\u03c3\u03b5 \u03ba\u03b9\u03bb\u03b1 \u03c3\u03b5 1 \u03b5\u03b2\u03b4\u03bf\u03bc\u03b1\u03b4\u03b1 19:55 \u03bf\u03c1\u03ba\u03c9\u03c4\u03bf\u03c2 \u03bb\u03bf\u03b3\u03b9\u03c3\u03c4\u03b7\u03c2 \u03b2\u03b9\u03ba\u03b9\u03c0\u03b1\u03b9\u03b4\u03b5\u03b9\u03b1 le 0 971 10 20 10 prix dun appel local du lundi au vendredi de 8heures \u00e0 17 heures D\u00e9couvrez lactivit\u00e9 de notre d\u00e9l\u00e9gation au travers de la presse Le ch\u0153ur denfants issu des ateliers chant-danse-th\u00e9\u00e2tre de lEnsemble Justiniana et du Th\u00e9\u00e2tre Edwige-Feuill\u00e8re de Vesoul France  M\u00e9nagerepassage, garde denfants, maintien \u00e0 domicile et jardinage, nos prestations sont effectu\u00e9es par du personnel qualifi\u00e9, exp\u00e9riment\u00e9 et de confiance. Faites appel \u00e0 nos services et mettez un coup de balai aux contraintes de votre quotidien! <img decoding=\"async\" src=\"http:\/\/cremrinternational.cf\/wp-content\/uploads\/2018\/05\/ACS_0036.jpg\" alt=\"espaces rencontres hainaut\" align=\"center\"> <img decoding=\"async\" src=\"http:\/\/www.hainaut-developpement.be\/wp-content\/uploads\/2018\/03\/Co-construisons-le-Hainaut-300x300.jpg\" alt=\"espaces rencontres hainaut\" align=\"right\"> Service dAccueil Familial Sp\u00e9cialis\u00e9 AFS : 20 places 05Cest selon une logique de d\u00e9l\u00e9gation du regard que se structure la m\u00e9thode de lOPP ; mais cette derni\u00e8re est soumise \u00e0 condition et structur\u00e9e par des r\u00e8gles du jeu qui visent \u00e0 rendre efficiente lobjectivation collective du paysage. Un groupe de travail qui sera ult\u00e9rieurement renomm\u00e9 comit\u00e9 de pilotage, r\u00e9unissant acteurs politiques et techniques en paysage, architecture, urbanisme, \u00e9cologie, etc. Des structures territoriales concern\u00e9es, constitue, avec lorganisme ma\u00eetre douvrage et le photographe, l\u00e9quipe du projet. Le travail d\u00e9bute bien avant la campagne photographique, avec la r\u00e9alisation dun cahier des charges d\u00e9finissant notamment les \u00e9volutions \u00e0 observer. Le relais est ensuite pass\u00e9 au photographe, qui doit indexer son regard sur ces analyses pour proposer des images probl\u00e9matis\u00e9es, \u00e0 la fois document\u00e9es et documentantes. Par-del\u00e0 la production dun corpus repr\u00e9sentatif de th\u00e9matiques et didentit\u00e9s paysag\u00e8res, une posture de recherche doit pouvoir r\u00e9v\u00e9ler des \u00e9l\u00e9ments, des ph\u00e9nom\u00e8nes, des relations inattendues et d\u00e9velopper une mani\u00e8re de voir diff\u00e9rente des connaissances d\u00e9j\u00e0 acquises, pr\u00e9-vues. Joyau sans fronti\u00e8re\u00c0 la fronti\u00e8re des Pays-Bas, de la Flandre et de la Wallonie, la Montagne Saint-Pierre \u00e9tend ses coteaux entre les vall\u00e9es du Geer et de la Meuse. Une unit\u00e9 paysag\u00e8re, mode de d\u00e9coupage issu des atlas de paysages outil d\u00e9tude cr\u00e9\u00e9 par le minist\u00e8re charg\u00e9 de lenvironnement, d\u00e9signe une partie de territoire coh\u00e9rente dun point de vue paysager. Un riche vallon \u00e0 lhistoire mouvement\u00e9eProche de Walcourt, la r\u00e9serve occupe une belle vall\u00e9e encaiss\u00e9e typiquement condrusienne. Elle \u00e9tend ses 30 ha entre le hameau du Rossignol, la ferme de Beloeil et le village de Vogen\u00e9e. Sa richesse paysag\u00e8re est ind\u00e9niable. Avec les bois avoisinants, elle forme dailleurs un site de grand int\u00e9r\u00eat biologique SGIB. .<\/p>\n","protected":false},"excerpt":{"rendered":"<p>espaces rencontres hainaut<\/p>\n","protected":false},"author":1,"featured_media":0,"comment_status":"closed","ping_status":"closed","sticky":false,"template":"","format":"standard","meta":{"footnotes":""},"categories":[1],"tags":[],"_links":{"self":[{"href":"http:\/\/versa-line.com\/site\/wp-json\/wp\/v2\/posts\/11173"}],"collection":[{"href":"http:\/\/versa-line.com\/site\/wp-json\/wp\/v2\/posts"}],"about":[{"href":"http:\/\/versa-line.com\/site\/wp-json\/wp\/v2\/types\/post"}],"author":[{"embeddable":true,"href":"http:\/\/versa-line.com\/site\/wp-json\/wp\/v2\/users\/1"}],"replies":[{"embeddable":true,"href":"http:\/\/versa-line.com\/site\/wp-json\/wp\/v2\/comments?post=11173"}],"version-history":[{"count":1,"href":"http:\/\/versa-line.com\/site\/wp-json\/wp\/v2\/posts\/11173\/revisions"}],"predecessor-version":[{"id":11174,"href":"http:\/\/versa-line.com\/site\/wp-json\/wp\/v2\/posts\/11173\/revisions\/11174"}],"wp:attachment":[{"href":"http:\/\/versa-line.com\/site\/wp-json\/wp\/v2\/media?parent=11173"}],"wp:term":[{"taxonomy":"category","embeddable":true,"href":"http:\/\/versa-line.com\/site\/wp-json\/wp\/v2\/categories?post=11173"},{"taxonomy":"post_tag","embeddable":true,"href":"http:\/\/versa-line.com\/site\/wp-json\/wp\/v2\/tags?post=11173"}],"curies":[{"name":"wp","href":"https:\/\/api.w.org\/{rel}","templated":true}]}}