{"id":11149,"date":"2020-10-15T00:55:37","date_gmt":"2020-10-15T00:55:37","guid":{"rendered":"http:\/\/versa-line.com\/site\/?p=11149"},"modified":"2020-10-04T18:27:10","modified_gmt":"2020-10-04T18:27:10","slug":"renaud-romane-serda-rencontre","status":"publish","type":"post","link":"http:\/\/versa-line.com\/site\/2020\/10\/15\/renaud-romane-serda-rencontre\/","title":{"rendered":"Renaud Romane Serda Rencontre"},"content":{"rendered":"<p>Les informations vous concernant sont destin\u00e9es \u00e0 lenvoi des newsletters afin de vous fournir ses services, des informations personnalis\u00e9es et des conseils pratiques. Elles sont conserv\u00e9es pendant une dur\u00e9e de trois ans \u00e0 compter du dernier contact. Ces informations pourront faire lobjet dune prise de d\u00e9cision automatis\u00e9e visant \u00e0 \u00e9valuer vos pr\u00e9f\u00e9rences ou centres dint\u00e9r\u00eats personnels. Conform\u00e9ment \u00e0 la loi fran\u00e7aise Informatique et Libert\u00e9s n78-17 du 6 janvier 1978 modifi\u00e9e et au R\u00e8glement Europ\u00e9en 2016679, vous pouvez demander \u00e0 acc\u00e9der aux informations qui vous concernent, pour les faire rectifier, modifier, ou supprimer, pour vous opposer \u00e0 leur traitement par mail \u00e0 dpouni-medias.com ou par courrier \u00e0 ladresse suivante : Uni-m\u00e9dias, \u00e0 lattention du DPO, 22 rue Letellier-75015-Paris, ou pour demander leur portabilit\u00e9, en \u00e9crivant par courrier \u00e0 ladresse suivante : Uni-m\u00e9dias, \u00e0 lattention du DPO, 22 rue Letellier-75015-Paris ou par mail \u00e0 dpouni-medias.com. Vous pouvez \u00e9galement d\u00e9finir les conditions dutilisation, de conservation et de communication de vos donn\u00e9es \u00e0 caract\u00e8re personnel en cas de d\u00e9c\u00e8s. Pour toute demande relative \u00e0 vos donn\u00e9es personnelles, vous pouvez contacter le d\u00e9l\u00e9gu\u00e9 \u00e0 la protection des donn\u00e9es \u00e0 ladresse mail suivante : dpouni-medias.com, ou introduire une r\u00e9clamation aupr\u00e8s de la Commission Nationale Informatique et Libert\u00e9s. Un site du groupe Prisma M\u00e9dia GJ Network-CPPAP : 0215 W 90269  faire en sorte que notre site web reste gratuit en vous montrant \u00e9galement des publicit\u00e9s, Tapez votre recherche et appuyez sur entrer pour lancer la recherche : Christina Milian et M.Pokora organisent une baby shower le 4 janvier 2020.  Right! Et quand je retourne dans cette ville, jy retrouve une part de mes racines. Ses odeurs, ses sons, ses trottoirs cest un peu chez moi. \u00c9valuer les parties de notre site web n\u00e9cessitant des modifications Renaud a \u00e9t\u00e9 admis le week-end du 22 septembre dans un dune clinique de Castelnau-le-Lez, pr\u00e8s de Montpellier. Certains m\u00e9dias ont affirm\u00e9 quil avait \u00e9t\u00e9 intern\u00e9 de force par sa fille Lolita 38 ans, n\u00e9e de sa premi\u00e8re union avec Dominique Quilichini car il se trouvait dans un \u00e9tat grave. Dautres, comme, ont expliqu\u00e9 quil est rendu en cure de son plein gr\u00e9. Cest un v\u00e9ritable coup de foudre que Romane Serda et Renaud ont v\u00e9cu lors de leur rencontre au restaurant de la Closerie des Lilas en 2002. Ensemble, ils vont le plus loin possible, et ce, malgr\u00e9 leur s\u00e9paration act\u00e9e en 2011 par un divorce. Huit ans apr\u00e8s,. Par amour pour pour, dans un premier temps, puis par amour pour eux : Je suis partie parce que je navais pas envie de vivre ce truc pourri. Tu veux boire, tu veux te mettre minable, moi je nai pas envie dune vie comme \u00e7a, expliquait-elle en janvier dernier dans un documentaire consacr\u00e9 \u00e0 lartiste et diffus\u00e9 sur C8. Lhistoire continue  <img decoding=\"async\" src=\"http:\/\/just-music.fr\/wp-content\/uploads\/2017\/12\/Romane-Serda-JustMusic.fr_.png\" alt=\"renaud romane serda rencontre\" align=\"right\"> Vos th\u00e8mes favoris tous les jours dans votre bo\u00eete mail! Romane Serda, lex-femme de Renaud, enl\u00e8ve le haut! a conquis le public avec ses trois albums, l\u00e9ponyme en 2004, Apr\u00e8s la pluie en 2007 et Ailleurs en 2011! Elle a dailleurs \u00e9t\u00e9 nomm\u00e9e aux Victoires de la Musique en 2005 dans la cat\u00e9gorie Album r\u00e9v\u00e9lation de lann\u00e9e. Jattends plus de s\u00e9rieux dun magazine comme le Point! Signaler un contenu abusif <img decoding=\"async\" src=\"http:\/\/www.lepoint.fr\/images\/2014\/09\/09\/renaud-romane-serda-2819751-jpg_2453960_980x426.JPG\" alt=\"renaud romane serda rencontre\" align=\"left\">-CPPAP : 0215 W 90266-Un site du groupe Prisma M\u00e9dia GJ Network Saisissez les caract\u00e8res que vous voyez dans cette image : <img decoding=\"async\" src=\"http:\/\/collection-paroles.lalo.pro\/Generated\/3d0a56aa79a14546d84569dcb5a5c9f6\/big_images\/pg_0001-P.jpg\" alt=\"renaud romane serda rencontre\" align=\"center\">.<\/p>\n","protected":false},"excerpt":{"rendered":"<p>renaud romane serda rencontre<\/p>\n","protected":false},"author":1,"featured_media":0,"comment_status":"closed","ping_status":"closed","sticky":false,"template":"","format":"standard","meta":{"footnotes":""},"categories":[1],"tags":[],"_links":{"self":[{"href":"http:\/\/versa-line.com\/site\/wp-json\/wp\/v2\/posts\/11149"}],"collection":[{"href":"http:\/\/versa-line.com\/site\/wp-json\/wp\/v2\/posts"}],"about":[{"href":"http:\/\/versa-line.com\/site\/wp-json\/wp\/v2\/types\/post"}],"author":[{"embeddable":true,"href":"http:\/\/versa-line.com\/site\/wp-json\/wp\/v2\/users\/1"}],"replies":[{"embeddable":true,"href":"http:\/\/versa-line.com\/site\/wp-json\/wp\/v2\/comments?post=11149"}],"version-history":[{"count":1,"href":"http:\/\/versa-line.com\/site\/wp-json\/wp\/v2\/posts\/11149\/revisions"}],"predecessor-version":[{"id":11151,"href":"http:\/\/versa-line.com\/site\/wp-json\/wp\/v2\/posts\/11149\/revisions\/11151"}],"wp:attachment":[{"href":"http:\/\/versa-line.com\/site\/wp-json\/wp\/v2\/media?parent=11149"}],"wp:term":[{"taxonomy":"category","embeddable":true,"href":"http:\/\/versa-line.com\/site\/wp-json\/wp\/v2\/categories?post=11149"},{"taxonomy":"post_tag","embeddable":true,"href":"http:\/\/versa-line.com\/site\/wp-json\/wp\/v2\/tags?post=11149"}],"curies":[{"name":"wp","href":"https:\/\/api.w.org\/{rel}","templated":true}]}}