{"id":11101,"date":"2020-10-15T18:37:35","date_gmt":"2020-10-15T18:37:35","guid":{"rendered":"http:\/\/versa-line.com\/site\/?p=11101"},"modified":"2020-10-04T16:18:16","modified_gmt":"2020-10-04T16:18:16","slug":"rencontres-architectes","status":"publish","type":"post","link":"http:\/\/versa-line.com\/site\/2020\/10\/15\/rencontres-architectes\/","title":{"rendered":"Rencontres Architectes"},"content":{"rendered":"<p>En partenariat avec Ecorismo et Fran\u00e7ois Tourisme Consultants cr\u00e9er une plate-forme pour soutenir les actions de d\u00e9sob\u00e9issance collective et rendre le refus l\u00e9gitime ; Parmi des op\u00e9rations r\u00e9centes, de toutes natures de programmes, de toutes tailles et situ\u00e9es dans toutes les communes du d\u00e9partement, le CAUE souhaite distinguer des r\u00e9alisations qui t\u00e9moignent de fortes qualit\u00e9s esth\u00e9tiques, techniques, environnementales, paysag\u00e8res ou urbaines. Dominique Blaise, plasticien, professeur en arts plastiques \u00e0 lENSA de Lyon Deux \u00e9tudiantes en bi-cursus ing\u00e9nieur architecte, H\u00e9l\u00e8ne Boumendil IA2 et Louise Diebold IA3, ont particip\u00e9 \u00e0 latelier \u00e9tudiant organis\u00e9 \u00e0 B\u00e9thl\u00e9em par la Ville de.. Du 3 juillet au 23 septembre de 10h \u00e0 19h30, dans le quartier de Trinquetaille \u00e0 Arles. <img decoding=\"async\" src=\"http:\/\/www.hugues-bosc.com\/blog\/wp-content\/uploads\/2011\/09\/IMG_3242.jpg\" alt=\"rencontres architectes\" align=\"center\"> En 2007, JeunesArchi voit le jour. Il sagit dune plateforme enti\u00e8rement d\u00e9di\u00e9e aux jeunes architectes, architectes dint\u00e9rieur, professionnels de lam\u00e9nagement. Elle leur donne la possibilit\u00e9 dafficher leur portefolio et leurs r\u00e9alisations et ainsi trouver des missions, des projets et des offres demploi directement mises en ligne par des particuliers ou des entreprises.  Pour cette exposition, Charlie Chine a loccasion de monter une v\u00e9ritable projet In Situ au sein de Glaci\u00e8res. Comment ne pas tomber sous le charme de ce paquebot g\u00e9ant : ici pas le temps de sennuyer, divertissement assur\u00e9 24h24. Pas \u00e9tonnant que ces forteresses flottantes rencontrent toujours plus de succ\u00e8s.  <img decoding=\"async\" src=\"http:\/\/www.chabal.com\/images\/projets\/MAISON-DES-JEUNES-CCAS-CHEYLAS-38\/web\/img-01.jpg\" alt=\"rencontres architectes\" align=\"center\"> <img decoding=\"async\" src=\"http:\/\/www.hpa.vn\/uploads\/files\/(c)%20nguyen%20tien%20thanh%20-%20%20(1).jpg\" alt=\"rencontres architectes\" align=\"center\"> Depuis des ann\u00e9es, Maud le Floch alias MLF dirige le POLAU, le P\u00f4le des Arts Urbains de Tours, organisme qui sefforce de trouver tous les moyens possibles et inimaginables pour transformer les villes en quelque chose dincroyable, Maud le Floch alias La Corbusi\u00e8re a tout de suite insist\u00e9 pour que lon psychanalyse Tours lors de lOp\u00e9ration Spirale, juillet 2008, ce qui nous a permis de mettre au point une m\u00e9thode danalyse qui \u00e0 l\u00e9poque ne ressemblait \u00e0 pas grand chose mais qui depuis sest beaucoup affin\u00e9e Chantiers communs, une aventure collective soutenue par Lavis des curieux :Cest LA place quil ne faut pas louper durant votre s\u00e9jour \u00e0 Nancy. Services propos\u00e9s tarifs :La place Stanislas est une place appartenant \u00e0 un ensemble urbain classique situ\u00e9 \u00e0 Nancy, dans la r\u00e9gion Lorraine, en France, qui est inscrit au patrimoine mondial de lUNESCO Sites du lieu Transport en commun : Cinq femmes architectes Tania Concko, Odile Decq, Manuelle Gautrand, Fran\u00e7oise NTh\u00e9p\u00e9 et Corinne Vezzoni sur le terrain de leurs projets. \u00c9 poss\u00edvel que voc\u00ea precise editar o arquivo.htaccess em algum momento. Essa se\u00e7\u00e3o ir\u00e1 mostrar como editar o arquivo em seu cPanel, mas n\u00e3o como ele deve ser alterado. \u00c9 poss\u00edvel que voc\u00ea tenha que consultar outros artigos e recursos para encontrar essa informa\u00e7\u00e3o. Existem muitas maneiras de editar o arquivo.htaccess Rencontre un archi, un site qui vous aide \u00e0 passer \u00e0 lacte  St\u00e9phane Fernandez est linvit\u00e9 du SACA pour une conf\u00e9rence au Forum durbanisme et darchitecture.. Comment faire na\u00eetre un geste architectural ultra contemporain en puisant dans les traditions et le terroir? Cest le pari relev\u00e9 par le duo darchitectes de lagence XTU, Anouk Legendre et Nicolas Desmazi\u00e8res, qui ont imagin\u00e9 \u00e0 4 mains un \u00e9crin dor\u00e9 tout en courbe dont la forme \u00e9voque l\u00e2me du vin, entre le fleuve et la ville de Rencontre. Depuis le vendredi 3 avril 2020, toutes les entreprises \u00e9ligibles pour laide au titre du mois de mars ont pu faire leur demande sur le site en renseignant les \u00e9l\u00e9ments suivants : SIREN, SIRET, RIB, chiffre daffaires, montant de laide demand\u00e9e, d\u00e9claration sur lhonneur.<\/p>\n","protected":false},"excerpt":{"rendered":"<p>rencontres architectes<\/p>\n","protected":false},"author":1,"featured_media":0,"comment_status":"closed","ping_status":"closed","sticky":false,"template":"","format":"standard","meta":{"footnotes":""},"categories":[1],"tags":[],"_links":{"self":[{"href":"http:\/\/versa-line.com\/site\/wp-json\/wp\/v2\/posts\/11101"}],"collection":[{"href":"http:\/\/versa-line.com\/site\/wp-json\/wp\/v2\/posts"}],"about":[{"href":"http:\/\/versa-line.com\/site\/wp-json\/wp\/v2\/types\/post"}],"author":[{"embeddable":true,"href":"http:\/\/versa-line.com\/site\/wp-json\/wp\/v2\/users\/1"}],"replies":[{"embeddable":true,"href":"http:\/\/versa-line.com\/site\/wp-json\/wp\/v2\/comments?post=11101"}],"version-history":[{"count":1,"href":"http:\/\/versa-line.com\/site\/wp-json\/wp\/v2\/posts\/11101\/revisions"}],"predecessor-version":[{"id":11102,"href":"http:\/\/versa-line.com\/site\/wp-json\/wp\/v2\/posts\/11101\/revisions\/11102"}],"wp:attachment":[{"href":"http:\/\/versa-line.com\/site\/wp-json\/wp\/v2\/media?parent=11101"}],"wp:term":[{"taxonomy":"category","embeddable":true,"href":"http:\/\/versa-line.com\/site\/wp-json\/wp\/v2\/categories?post=11101"},{"taxonomy":"post_tag","embeddable":true,"href":"http:\/\/versa-line.com\/site\/wp-json\/wp\/v2\/tags?post=11101"}],"curies":[{"name":"wp","href":"https:\/\/api.w.org\/{rel}","templated":true}]}}