{"id":11003,"date":"2020-10-15T19:46:56","date_gmt":"2020-10-15T19:46:56","guid":{"rendered":"http:\/\/versa-line.com\/site\/?p=11003"},"modified":"2020-10-04T12:50:48","modified_gmt":"2020-10-04T12:50:48","slug":"point-rencontre-jeunes-grigny","status":"publish","type":"post","link":"http:\/\/versa-line.com\/site\/2020\/10\/15\/point-rencontre-jeunes-grigny\/","title":{"rendered":"Point Rencontre Jeunes Grigny"},"content":{"rendered":"<p>Merci Marie Pierre de ces propos qui font r\u00e9sonnance je le pense pour nombre dentre nous et cest bien la richesse de notre travail \u00e9ducatif de pouvoir aussi sappuyer sur des partenaires et de travailler en r\u00e9seau comme on dit aujourdhui. Aller chercher dautres comp\u00e9tences, r\u00e9fl\u00e9chir avec vous tous qui concouraient aussi \u00e0 laccompagnement des jeunes est une \u00e9vidence mais cela exige aussi de construire une qualit\u00e9 de relations professionnelles, faite destime r\u00e9ciproque et cest un formidable levier pour laction \u00e9ducative. La\u00e9 J-F, Murard N, 1985.-Largent des pauvres, la vie quotidienne dune cit\u00e9 de transit, Paris, Seuil. Pendant les petites vacances scolaires : du mardi au samedi de14h \u00e0 19h. Les horaires du calculateur ditin\u00e9raire tiennent compte des travaux. Premi\u00e8re phase, cest 1995 avec l\u00e9lection de Jacques Chirac \u00e0 la pr\u00e9sidence de la R\u00e9publique. Chirac a \u00e9t\u00e9 \u00e9lu sur la question de la fracture sociale et de la n\u00e9cessit\u00e9 de combler un foss\u00e9 entre la R\u00e9publique des inclus et la R\u00e9publique des exclus dont les quartiers populaires sont incontestablement les bases avanc\u00e9es. A ce stade, je pense sinc\u00e8rement que les politiques croient encore \u00e0 ce quils disent et quil y a, \u00e0 ce moment, une v\u00e9ritable ambition dessayer de faire coexister dans un m\u00eame mod\u00e8le r\u00e9publicain ceux qui sont victimes de discriminations et ceux qui sont int\u00e9gr\u00e9s voire privil\u00e9gi\u00e9s par le syst\u00e8me. En 3 mois, de septembre \u00e0 d\u00e9cembre 2014, nous avons ex\u00e9cut\u00e9 lensemble des ouvrages, tous corps d\u00e9tats, ce qui nous a permis de r\u00e9aliser 2.067 heures dinsertion.  Parmi les jeunes du quartier, tous, ou presque, ont post\u00e9 leurs commentaires. Lentre dentre eux a ainsi contribu\u00e9 \u00e0 la fameuse page Facebook en \u00e9crivant : Tu sais que tu viens de Grigny quand tu connais tous les chemins de la Grande Borne.. Un souvenir, un sentiment, une anecdote Il est disponible d\u00e8s \u00e0 pr\u00e9sent pour les parents et pour les professionnels qui ont la charge de les accompagner. Cest un petit fascicule, facile \u00e0 lire, pratique, avec des exemples, des questionsr\u00e9ponses, des r\u00e9f\u00e9rences sur : Il vous suffit de d\u00e9poser vos bouchons \u00e0 lune des adresses ci-dessous : Le plus bel exemple de cette chance pour la France que repr\u00e9sente nos quartiers, cest la victoire de l\u00e9quipe de France de football au mondial 2018. Nous aussi, banlieusards, on va se permettre de discriminer les autres Rires : La coupe du monde, ce nest pas la victoire de la France, ni celle de lAfrique comme certains ont pu le dire. Cest la victoire de Roissy-en-brie, de M\u00e9nival, de Bondy, de Fontenay, de Lagny-sur-Marne, de Suresnes etc. La coupe du monde, cest la victoire de la vitalit\u00e9 de nos banlieues. <img decoding=\"async\" src=\"http:\/\/www.subject.serenitynowmassagetherapy.com\/img\/700\/567babe3e229f-vincent-campana-grigny-91350-3-700.jpg\" alt=\"point rencontre jeunes grigny\" align=\"left\"> Il devra changer la donne, entre autres autour des domaines suivants : <img decoding=\"async\" src=\"http:\/\/grigny91.fr\/wp-content\/uploads\/2017\/01\/Transformation-de-Grigny-1024x837.jpg\" alt=\"point rencontre jeunes grigny\" align=\"left\">  Cours dessai le mercredi 18 septembre \u00e0 la MJC de 20h \u00e0 22h Nous sommes tous diff\u00e9rents et cest l\u00e0 notre chance:-Limportant cest daccompagner la singularit\u00e9 de chacun au sein du groupe et que chacun.. Travail dacteur MJC-MPT Fran\u00e7ois Rabelais Savigny-sur-Orge 91600 Lassociation G\u00e9n\u00e9ration II citoyennet\u00e9-int\u00e9gration, inaugurera son Point relais CAF le 19 juin \u00e0 17h30 en pr\u00e9sence des familles ainsi que de 6 repr\u00e9sentants de la CAF : LEtat, dans le cadre du Contrat Urbain de Coh\u00e9sion Sociale, le conseil g\u00e9n\u00e9ral de Seine-Saint-Denis, Bruno Leroux, D\u00e9put\u00e9 de la premi\u00e8re circonscription de Saint-Denis, la Fondation de France, le Comit\u00e9 des f\u00eates de l\u00cele-Saint-Denis, nous ont apport\u00e9 leur appui financier, nous les remercions tous. Lobjectif : Linsertion sociale grand projet lorsque ces jeunes viennent darriver en France. D\u00e9couvertes culturelles et partage du quotidien sont \u00e0 lhonneur. Nous sommes partis 5 jours dans un gite lou\u00e9 par le SE 91.  Vous accompagnez la scolarit\u00e9 de vos enfants en lien \u00e9troit avec les acteurs de l\u00e9ducation nationale ou du monde m\u00e9dical? Depuis janvier 2015, gr\u00e2ce \u00e0 un partenariat avec la Maison de la Musique et de la Danse de Bagneux, la chorale a r\u00e9p\u00e9t\u00e9 une fois par mois \u00e0 lauditorium de la ville. Comme nous lindiquions dans notre derni\u00e8re livraison, la crise du coronavirus a touch\u00e9 le Burkina-Faso comme beaucoup dautres pays dAfrique, surtout dans les principales villes. Le premier cas a \u00e9t\u00e9 signal\u00e9 le 10 mars 2020 \u00e0 Ouagadougou. <img decoding=\"async\" src=\"http:\/\/www.excellent.dressyourboyfriend.com\/sites\/default\/files\/titre\/non_retour-thiaroye.png\" alt=\"point rencontre jeunes grigny\" align=\"right\"> 90Cet ensemble de forces se retrouve \u00e0 des degr\u00e9s divers sur tous les terrains denqu\u00eate et fa\u00e7onne les modes dassociation et de dissociation propres aux jeunes de cit\u00e9. Les chefs de projets et charg\u00e9s de missions des diff\u00e9rentes directions de la ville et ceux des 4 mairies o\u00f9 nous travaillons qui f\u00e9d\u00e8rent, structurent et font lien. Un des axes du comit\u00e9 de jumelage Grigny-Koupela est de nouer des contacts avec les associations locales et autres institutions de Grigny.<\/p>\n","protected":false},"excerpt":{"rendered":"<p>point rencontre jeunes grigny<\/p>\n","protected":false},"author":1,"featured_media":0,"comment_status":"closed","ping_status":"closed","sticky":false,"template":"","format":"standard","meta":{"footnotes":""},"categories":[1],"tags":[],"_links":{"self":[{"href":"http:\/\/versa-line.com\/site\/wp-json\/wp\/v2\/posts\/11003"}],"collection":[{"href":"http:\/\/versa-line.com\/site\/wp-json\/wp\/v2\/posts"}],"about":[{"href":"http:\/\/versa-line.com\/site\/wp-json\/wp\/v2\/types\/post"}],"author":[{"embeddable":true,"href":"http:\/\/versa-line.com\/site\/wp-json\/wp\/v2\/users\/1"}],"replies":[{"embeddable":true,"href":"http:\/\/versa-line.com\/site\/wp-json\/wp\/v2\/comments?post=11003"}],"version-history":[{"count":1,"href":"http:\/\/versa-line.com\/site\/wp-json\/wp\/v2\/posts\/11003\/revisions"}],"predecessor-version":[{"id":11004,"href":"http:\/\/versa-line.com\/site\/wp-json\/wp\/v2\/posts\/11003\/revisions\/11004"}],"wp:attachment":[{"href":"http:\/\/versa-line.com\/site\/wp-json\/wp\/v2\/media?parent=11003"}],"wp:term":[{"taxonomy":"category","embeddable":true,"href":"http:\/\/versa-line.com\/site\/wp-json\/wp\/v2\/categories?post=11003"},{"taxonomy":"post_tag","embeddable":true,"href":"http:\/\/versa-line.com\/site\/wp-json\/wp\/v2\/tags?post=11003"}],"curies":[{"name":"wp","href":"https:\/\/api.w.org\/{rel}","templated":true}]}}