{"id":10971,"date":"2020-10-15T14:26:56","date_gmt":"2020-10-15T14:26:56","guid":{"rendered":"http:\/\/versa-line.com\/site\/?p=10971"},"modified":"2020-10-04T12:01:18","modified_gmt":"2020-10-04T12:01:18","slug":"rencontres-musicales-internacionales-en-wallonie","status":"publish","type":"post","link":"http:\/\/versa-line.com\/site\/2020\/10\/15\/rencontres-musicales-internacionales-en-wallonie\/","title":{"rendered":"Rencontres Musicales Internacionales En Wallonie"},"content":{"rendered":"<p>Directeur artistique au Lowe Art Musem pour la s\u00e9rie de concerts Notes Strokes and Movement 1999-2002 6. CHUEKE, Z, DUDEQUE, N. Dir, Cadernos de An\u00e1lise Musical 1, Curitiba, Editora DeArtes UFPR, 2008, 70 p. Des exemplaires de ce guide sont \u00e0 votre disposition \u00e0 lentr\u00e9e. Les actions illustr\u00e9es sont tr\u00e8s diversifi\u00e9es et certaines dentre elles vous seront pr\u00e9sent\u00e9es par les acteurs locaux dans les ateliers de cet apr\u00e8s-midi. Je ne peux que vous encourager \u00e0 les d\u00e9couvrir sur le deuxi\u00e8me volet dans sa dimension politique locale les ateliers Trans-territorialit\u00e9 et Coresponsabilit\u00e9 \u00e0 Mulhouse, les effets leviers dans le processus de transition d\u00e9mocratique.-Lhorizon commun \u00e0 cette convergence pourrait \u00eatre limplication des citoyens RT : Toute personne vivant sur notre territoire, quel que soit son statut ou sa nationalit\u00e9, doit avoir acc\u00e8s Il y a via&#8211; En tant que possible testament musical, La clemenza de Tito, ultime op\u00e9ra de Mozart, expose plus particuli\u00e8rement tout le bien, la s\u00e9r\u00e9nit\u00e9 et la paix infinie retrouv\u00e9s en pardonnant \u00e0 qui nous a trahis. La nouvelle mise en sc\u00e8ne du g\u00e9nial.. The elder abuse is definitely a great problem that undermines the well being of the older people. Education and public awareness campaigns are vital for informing people about the problem. It should be a top priority for every municipality of Europe to adopt certain preventive strategies in order to accomplish the change of attitudes, stereotypes and behavior. Our project in our local society Kavala was fruitful and effective. It contributed to the shared vision of well being of the elderly underlining explicitly that older people are allowed to live out their lives in dignity, peacefully without violence, adequately provided with the necessities of life and genuine opportunities. Lets always keep in mind that prevention starts with awareness. That was our motto and also the path on which we walked so as to see more and more older people smiling again towards life. Thank you very much! En juillet 1976 d\u00e9barquait au Festival dAvignon une sorte dOVNI culturel, \u0153uvre dart total imagin\u00e9e par Robert Wilson pour la mise en sc\u00e8ne, par Philip Glass pour la composition musicale et par Lucinda Childs pour la.. Le Vendredi 24 juillet 2020 au Festival Jazz sous les \u00e9toiles \u00e0 Jardins dAlbertas \u00e0 Bouc Bel Air Apr\u00e8s avoir remport\u00e9 de nombreux prix au Concours International de Musique de Chambre de Lyon en 2014 notamment le troisi\u00e8me prix et le Prix du public, ils sortent leur premier enregistrement consacr\u00e9 aux sonates de Ravel et Marguerite Canal en 2014. Un festival pr\u00e9sentant deux des visages de la musique \u00e9lectroacoustique : de la vid\u00e9omusique programmation MR : Irene Pacini et Annette Vande Gorne et de la musique mixte programmation Centre Henri Pousseur N\u00e9 \u00e0 Valencia Espagne, Pablo \u00e9tudie le violon avec Boris Kuniev, Manuel Villuendas et Mario Peris. Son int\u00e9r\u00eat pour la musique ancienne lui m\u00e8ne \u00e0 lAcademia de M\u00fasica Antigua de la Universidad de Salamanca o\u00f9 il \u00e9tudie le violon baroque et la musique de chambre avec Enrico Gatti, Kees Koelmans, Wim ten Have, Jacques Ogg et Peter Frankenberg. Il participe \u00e0 de nombreux concerts de musique de chambre et orchestre, notamment dans le cadre Salamanque Capitale culturelle 2002. Images, videos and audio are available under their respective licenses. <img decoding=\"async\" src=\"http:\/\/images.alinfini-mariage.fr\/cocktail\/creatif_paris\/2018\/CP18-62.jpg\" alt=\"rencontres musicales internacionales en wallonie\" align=\"left\"> Stimuler de nouveaux fonctionnements dans les institutions et entre les personnes qui permettent de donner une place \u00e0 lintelligence \u00e9motionnelle et collective 2003-Academic Merit, University of Miami Graduate Center Caunes-Minervois : Festival de musique et dart vocal du Jeudi 25au samedi 27 janvier 2018 \u00e0 PARIS-La Villette IL ROSSETTI-TEATRO STABILE DEL FRIULI-VENZIA GIULIA <img decoding=\"async\" src=\"http:\/\/more.wfcrimewatch.com\/upload\/news\/first\/5b5f110e21cee6.87118830.jpg\" alt=\"rencontres musicales internacionales en wallonie\" align=\"right\">  <img decoding=\"async\" src=\"http:\/\/www.mode-shop.fr\/images\/produits\/75\/pull-Pull-bear-15432485-2.jpg\" alt=\"rencontres musicales internacionales en wallonie\" align=\"right\">   Ce jardin est donc un lieu d\u00e9changes, de partages, dentraide et de valorisation de ce que les gens font. A savoir que le fruit de leur labeur leur est restitu\u00e9. Soit de mani\u00e8re individuelle ou collective. J\u00e9r\u00f4me Pernoo Ligia Digital, des m\u00e9lodies Fran\u00e7aises avec Philippe Jaroussky Virgin Classics, loeuvre pour piano et orchestre de Faur\u00e9 avec lOrchestre de Bretagne et Moshe Atzmon Timpani Records, des Contes de Debussy et Poulenc avec Renaud Capu\u00e7on et Laurence Ferrari Virgin Classics, la musique de chambre de Guillaume Connesson Collection Pierre Berg\u00e9. TAPS-TH\u00c9\u00c2TRE ACTUEL ET PRODUCTIONS STRASBOURGEOISES.<\/p>\n","protected":false},"excerpt":{"rendered":"<p>rencontres musicales internacionales en wallonie<\/p>\n","protected":false},"author":1,"featured_media":0,"comment_status":"closed","ping_status":"closed","sticky":false,"template":"","format":"standard","meta":{"footnotes":""},"categories":[1],"tags":[],"_links":{"self":[{"href":"http:\/\/versa-line.com\/site\/wp-json\/wp\/v2\/posts\/10971"}],"collection":[{"href":"http:\/\/versa-line.com\/site\/wp-json\/wp\/v2\/posts"}],"about":[{"href":"http:\/\/versa-line.com\/site\/wp-json\/wp\/v2\/types\/post"}],"author":[{"embeddable":true,"href":"http:\/\/versa-line.com\/site\/wp-json\/wp\/v2\/users\/1"}],"replies":[{"embeddable":true,"href":"http:\/\/versa-line.com\/site\/wp-json\/wp\/v2\/comments?post=10971"}],"version-history":[{"count":1,"href":"http:\/\/versa-line.com\/site\/wp-json\/wp\/v2\/posts\/10971\/revisions"}],"predecessor-version":[{"id":10972,"href":"http:\/\/versa-line.com\/site\/wp-json\/wp\/v2\/posts\/10971\/revisions\/10972"}],"wp:attachment":[{"href":"http:\/\/versa-line.com\/site\/wp-json\/wp\/v2\/media?parent=10971"}],"wp:term":[{"taxonomy":"category","embeddable":true,"href":"http:\/\/versa-line.com\/site\/wp-json\/wp\/v2\/categories?post=10971"},{"taxonomy":"post_tag","embeddable":true,"href":"http:\/\/versa-line.com\/site\/wp-json\/wp\/v2\/tags?post=10971"}],"curies":[{"name":"wp","href":"https:\/\/api.w.org\/{rel}","templated":true}]}}