{"id":10921,"date":"2020-10-15T09:32:12","date_gmt":"2020-10-15T09:32:12","guid":{"rendered":"http:\/\/versa-line.com\/site\/?p=10921"},"modified":"2020-10-04T10:45:19","modified_gmt":"2020-10-04T10:45:19","slug":"rencontres-aubusson","status":"publish","type":"post","link":"http:\/\/versa-line.com\/site\/2020\/10\/15\/rencontres-aubusson\/","title":{"rendered":"Rencontres Aubusson"},"content":{"rendered":"<p>Je recherche un plan cul pour les soir que je me sans seul, jaime les femme plut\u00f4t mur. Bisou appeler moi Si vous \u00eatre membre, merci de nous contacter via votre espace membre dans la rubrique pr\u00e9vue \u00e0 cet effet. LAssociation des Commer\u00e7ants et Artisans dAubusson organise une nouvelle r\u00e9union de pr\u00e9sentation des projets collectifs port\u00e9s par la Communaut\u00e9 de Communes dAubusson-Felletin et celle du Haut Pays Marchois \u00e0 destination des entreprises du territoire afin de mobiliser davantage dentreprises puisque la liste des entreprises participantes devra \u00eatre boucl\u00e9e \u00e0 la fin du mois de f\u00e9vrier. Artiste-Maria Massa Domingo, \u00e9tudiante en Art textile \u00e0 lEscola Massana, Centre de Arte y Dise\u00f1o de Barcelone-Catalogne. Des verdures du Moyen Age qui rev\u00eataient les murs des demeures seigneuriales pour prot\u00e9ger du froid, \u00e0 la tenture r\u00e9alis\u00e9e \u00e0 la gloire de lolympisme en lan 2000, le merveilleux savoir-faire des lissiers aubussonnais a transcend\u00e9 les si\u00e8cles pour faire aujourdhui de la tapisserie un moyen dexpression artistique contemporain. Ce groupement comprend 259 agriculteurs adh\u00e9rents et est pr\u00e9sid\u00e9 par Jacques TOURNIER. <img decoding=\"async\" src=\"http:\/\/www.aubusson.fr\/wp-content\/uploads\/2015\/03\/ES4A7402.jpg\" alt=\"rencontres aubusson\" align=\"center\"> \u00e9ventuelles r\u00e9actions clic ou achat, dans le but d\u00e9valuer, de comprendre et de rendre compte de votre \u00e0 18h30, au P\u00f4le Enfance, 10 avenue de la R\u00e9publique, parking derri\u00e8re le b\u00e2timent.  Manquant de r\u00e9ussite sur le champ de bataille, pris en tenaille entre linvasion fran\u00e7aise et les Ottomans, Charles Quint et Fran\u00e7ois I er saccordent \u00e0 signer la le 18 juin 1538. La tr\u00eave voit Charles et Fran\u00e7ois saccorder pour sallier contre les Ottomans, afin de les expulser de Hongrie. Charles Quint se concentre sur la lutte contre les Ottomans, mais ne peut lancer de forces importantes en Hongrie \u00e0 cause du conflit qui loppose aux princes allemands de la. Le 28 septembre 1538, Barberousse remporte limportante contre la flotte imp\u00e9riale. \u00c0 la fin du conflit, Soliman exige de Charles Quint quil rende \u00e0 Fran\u00e7ois I er les terres qui lui revenaient de droit. Sens de lhumour : Jaime bien taquiner, Amical, je souris toujours Pour maintenir \u00e0 jour les informations sur le site nous avons besoin que chacun se sente concern\u00e9 et envoie ses remarques et corrections sur Cette adresse e-mail est prot\u00e9g\u00e9e contre les robots spammeurs. Vous devez activer le JavaScript pour la visualiser. En indiquant le n de la fiche et la partie de la fiche concern\u00e9e. En raison du jour f\u00e9ri\u00e9, la collecte des ordures m\u00e9nag\u00e8res du vendredi 1er novembre est avanc\u00e9e au jeudi 31 octobre Rens. Communaut\u00e9 de communes Aubusson Felletin, 05 55 67 79 98 Dans le cadre des conf\u00e9rences mensuelles organis\u00e9es par Le plaisir de lire, en partenariat avec la m\u00e9diath\u00e8que intercommunale Creuse Grand sud et la Librairie La Licorne, ce mercredi 12 d\u00e9cembre, \u00e0 18 heures, Robert Guinot, auteur de Terre des Justes \u00c9ditions De Bor\u00e9e, accompagn\u00e9 dun t\u00e9moin du livre, Andr\u00e9 Danguy, donnera une conf\u00e9rence S itu\u00e9 au c\u0153ur dune propri\u00e9t\u00e9 de 120 hectares, La Jonch\u00e8re est le seul 18 trous de la Creuse. Cest un \u00e9crin de verdure dans la campagne, agr\u00e9ment\u00e9 de ch\u00eanes centenaires et dun superbe panorama sur les Combrailles. Formations 2019 Mise \u00e0 jours du nouveau catalogue 2019-20 en cours Rechercher : Articles r\u00e9cents envie dagrandir mon cercle damis, et pourquoi pas trouv\u00e9 celle qui me correspondrait Enregistrer mon nom, mon e-mail et mon site web dans le navigateur pour mon prochain commentaire. Lexposition internationale Le Mur et lEspace autour des Biennales de Lausanne, en partenariat avec la Fondation Toms Pauli de Lausanne, pr\u00e9sent\u00e9e au Centre culturel Jean <img decoding=\"async\" src=\"http:\/\/docplayer.fr\/docs-images\/42\/9687331\/images\/page_8.jpg\" alt=\"rencontres aubusson\" align=\"center\"> Le 1 er f\u00e9vrier 1553, un nouveau trait\u00e9 dalliance est sign\u00e9 entre la France et lEmpire ottoman. Il pr\u00e9voit une collaboration navale contre les Habsbourg. En 1553, les amiraux ottomans et et lescadre fran\u00e7aise attaquent les c\u00f4tes de, de la, de l et de la,. Une flotte franco-ottomane envahit la Corse au profit de la France. Lalliance militaire atteint vraisemblablement son apog\u00e9e en 1553. Pr\u00e9fecture de la Creuse, est une petite ville calme situ\u00e9e \u00e0 la lisi\u00e8re du massif forestier de Chabri\u00e8res. Son c\u0153ur citadin est domin\u00e9 par la place Bonnyaud, principal point de rencontre des habitants. Cest l\u00e0 que se trouvent son h\u00f4tel de ville en granit bleu et sa jolie fontaine des Trois Gr\u00e2ces. Du 29 septembre au 1er octobre 2020 : Pr\u00e9ventica Lyon <img decoding=\"async\" src=\"http:\/\/www.tvskpelsdagboken.cf\/wp-content\/uploads\/2017\/10\/SAM_2399.jpg\" alt=\"rencontres aubusson\" align=\"right\"> La France signe un premier trait\u00e9 ou avec lEmpire ottoman en 1500, sous les r\u00e8gnes de et du sultan Bajazet II,, dans lequel le sultan d\u00c9gypte fait des concessions aux Fran\u00e7ais et aux Catalans. Et si ce ch\u0153ur tentait de convoquer les m\u00e9moires pass\u00e9es, pr\u00e9sentes et futures afin dop\u00e9rer Une semaine danimations et de d\u00e9couvertes pour satisfaire les petits et les grands. Demandez le programme! Samedi 10 ao\u00fbt : 15h15-16h30 Raid de la Licorne. Passage des concurrents pour l\u00e9preuve de cano\u00eb-kayak au barrage des Combes. Mardi 13 ao\u00fbt : 14h30 Balade du trappeur. A loccasion dune balade p\u00e9destre, d\u00e9couvrez le m\u00e9tier  Une intervention technique est programm\u00e9e sur une partie du r\u00e9seau de chaleur situ\u00e9e route dAubusson au niveau de lintersection petite rue des \u00e9colesroute dAubusson ; Afin de permettre \u00e0 lentreprise dintervenir en toute s\u00e9curit\u00e9, des restrictions de circulation et de stationnement seront mises en place du lundi 11 septembre au jeudi 14 septembre inclus. .<\/p>\n","protected":false},"excerpt":{"rendered":"<p>rencontres aubusson<\/p>\n","protected":false},"author":1,"featured_media":0,"comment_status":"closed","ping_status":"closed","sticky":false,"template":"","format":"standard","meta":{"footnotes":""},"categories":[1],"tags":[],"_links":{"self":[{"href":"http:\/\/versa-line.com\/site\/wp-json\/wp\/v2\/posts\/10921"}],"collection":[{"href":"http:\/\/versa-line.com\/site\/wp-json\/wp\/v2\/posts"}],"about":[{"href":"http:\/\/versa-line.com\/site\/wp-json\/wp\/v2\/types\/post"}],"author":[{"embeddable":true,"href":"http:\/\/versa-line.com\/site\/wp-json\/wp\/v2\/users\/1"}],"replies":[{"embeddable":true,"href":"http:\/\/versa-line.com\/site\/wp-json\/wp\/v2\/comments?post=10921"}],"version-history":[{"count":1,"href":"http:\/\/versa-line.com\/site\/wp-json\/wp\/v2\/posts\/10921\/revisions"}],"predecessor-version":[{"id":10922,"href":"http:\/\/versa-line.com\/site\/wp-json\/wp\/v2\/posts\/10921\/revisions\/10922"}],"wp:attachment":[{"href":"http:\/\/versa-line.com\/site\/wp-json\/wp\/v2\/media?parent=10921"}],"wp:term":[{"taxonomy":"category","embeddable":true,"href":"http:\/\/versa-line.com\/site\/wp-json\/wp\/v2\/categories?post=10921"},{"taxonomy":"post_tag","embeddable":true,"href":"http:\/\/versa-line.com\/site\/wp-json\/wp\/v2\/tags?post=10921"}],"curies":[{"name":"wp","href":"https:\/\/api.w.org\/{rel}","templated":true}]}}