{"id":10899,"date":"2020-10-15T06:03:19","date_gmt":"2020-10-15T06:03:19","guid":{"rendered":"http:\/\/versa-line.com\/site\/?p=10899"},"modified":"2020-10-04T09:49:39","modified_gmt":"2020-10-04T09:49:39","slug":"rencontres-culturelles-avignon","status":"publish","type":"post","link":"http:\/\/versa-line.com\/site\/2020\/10\/15\/rencontres-culturelles-avignon\/","title":{"rendered":"Rencontres Culturelles Avignon"},"content":{"rendered":"<p>Tout au long de lann\u00e9e, Montreuil m\u00e8ne une politique culturelle dynamique de soutien aux lieux dexpression artistique que sont le Nouveau Th\u00e9\u00e2tre de Montreuil CDN, les Instants Chavir\u00e9s, le Th\u00e9\u00e2tre de la Girandole, Cap \u00e9toile, la MC11, la Maison populaire.Montreuil accueille aussi les artistes dans ses th\u00e9\u00e2tres municipaux Berthelot, Les Roches, La Noue et se f\u00e9licite de compter 41 structures de th\u00e9\u00e2tre amateur et 197 compagnies professionnelles proposant aux publics une offre culturelle riche et diversifi\u00e9e. Opale valorise et soutient les initiatives artistiques et culturelles Pour rester inform\u00e9e de lactualit\u00e9 du Comit\u00e9 dhistoire, envoyez un message \u00e0 1998 par Les ZUrbains De 1962 \u00e0 2018, Michel Urbain et Fran\u00e7oise Urbain-Lambert ont envoy\u00e9 \u00e0 leurs proches des cartes de v\u0153ux. Moiti\u00e9 chronique familiale, moiti\u00e9 dessin dactualit\u00e9, elles racontent cinquante ans dhistoire politique, sociale et humaine. Nous vous r\u00e9pondrons aussi rapidement que possible Lorganisation de rencontres entend renforcer la dynamique engag\u00e9e par le lancement de la plate-forme Culture ; ArtsTravail, valoriser les partenariats et \u00e9changes entre les diff\u00e9rents et singuliers acteurs du monde du travail, de la recherche et de la cr\u00e9ation artistique. Nous cherchons ensemble \u00e0 interroger des dynamiques nouvelles, \u00e0 d\u00e9gager des enjeux et \u00e0 faire grandir des exigences en confrontant nos regards, en ouvrant des perspectives renfor\u00e7ant lintervention de chacun et de tous. Pr\u00e9vu pour d\u00e9marrer le 22 juin avec le concert du violoniste N\u00e9manja Radulovic et durer jusquau 1er ao\u00fbt, le Festival dart lyrique vauclusien pourra-t-il \u00e9chapper au syndrome du coronavirus et aux affres du confinement? Sil est trop t\u00f4t pour le dire, son directeur Jean-Louis Grinda reste optimiste: Rien ne permet \u00e0 ce jour de remettre en cause la tenue des Chor\u00e9gies, quil nest pas question pour lheure dannuler. Aussi, nous continuons de travailler \u00e0 cette \u00e9dition. Cest donc en t\u00e9l\u00e9travail que son \u00e9quipe ajuste les campagnes de communication, affine les budgets, r\u00e8gle les multiples d\u00e9tails, etc. Avantage de taille, le th\u00e9\u00e2tre antique dOrange est en plein air et les spectateurs sont assis, ce qui pourrait jouer \u00e0 lheure de la d\u00e9cision finale. Reste \u00e0 voir si cela suffira pour nous permettre dentendre C\u00e9cilia Bartoli, Roberto Alagna et autres grands noms du chant \u00e0 laffiche de cette 151e \u00e9dition. <img decoding=\"async\" src=\"http:\/\/www.poesieavignon.eu\/wp-content\/uploads\/2018\/09\/ateliers-maison-de-la-poesie-avignon-580x392.png\" alt=\"rencontres culturelles avignon\" align=\"center\"> <img decoding=\"async\" src=\"http:\/\/www.ubermail.fr\/media\/client\/ubercut\/7025209e2678abf8724ab5598d7b8dbc\/uc_4275\/img_3.jpg\" alt=\"rencontres culturelles avignon\" align=\"right\"> simple et ludique qui ravira vos visiteurs et invit\u00e9s. 19h 15 Les Zurbains Ici Rien atelier de th\u00e9\u00e2tre adulte de la MPT La rencontre Culture et ESS : la troisie\u0300me voie, organise\u0301e par la Fondation Cre\u0301dit Coop\u00e9ratif, le Labo de lESS sest tenue le 12 juillet au Festival dAvignon autour du rapport de Bernard Latarjet sur Culture et ESS.   Ces rendez-vous ont lieu tous les jours sauf jour de rel\u00e2che \u00e0 16h30, ainsi que le samedi \u00e0 11h. Entre 50 et 350 personnes \u00e9changent avec les \u00e9quipes artistiques. Dans le sillage de The Black Keys, The White Stripes, ou The Jon Spencer Blues Explosion, le duo garage rock am\u00e9ricain affirme son identit\u00e9 H\u00f4tel de Massa-38 rue du Faubourg St Jacques, Paris de ce remuement de neurones. Rien sur nous sans nous affichait donc la Girard, Augustin. La naissance des politiques culturelles et les rencontres dAvignon 1964-1970 : Paru en 1997 dans La Naissance des politiques culturelles et les Rencontres dAvignon sous la pr\u00e9sidence de Jean Vilar 1964-1970. Linvention de la prospective culturelle : Textes choisis dAugustin Girard. By Girard. Paris : D\u00e9partement des \u00e9tudes, de la prospective et des statistiques, 2010 Web. Http:books.openedition.orgdeps848. <img decoding=\"async\" src=\"http:\/\/www.fondsagnesb.co\/wp-content\/uploads\/2017\/06\/CLA_agnesb_summer17_2.jpg\" alt=\"rencontres culturelles avignon\" align=\"left\"> Vous navez pas \u00e9t\u00e9 reconnu par le service didentification. Essayez de nouveau ou demander votre mot de passe. My favorite piece of art par Katrin Memmer \u00c1ngela Bonadies Le film de Memmer est, comme la chanson qui laccompagne, une parabole douce am\u00e8re qui souligne la belle rh\u00e9torique de l\u00e9chec durant les ann\u00e9es de formation : chuter, se relever, chuter, se relever 1. Accompagner les professionnels et ceux qui vont le devenir dans la structuration de leur activit\u00e9 musiques dici et dailleurs avec des artistes passionn\u00e9s, venant de tous Le dimanche 7 juin, un concert en plein air dans le quartier de La Chapelle \u00e0 Paris sest d\u00e9plac\u00e9 \u00e0 La Matrice o\u00f9 nous nous  Annie Genevard, maire de Morteau, a rappel\u00e9 que les collectivit\u00e9s d\u00e9pensent pr\u00e8s de 10 milliards deuros pour la culture et quil rel\u00e8ve de chaque \u00e9lu d\u00e9valuer lefficacit\u00e9 de ses politiques, diff\u00e9rents outils le permettant. Organis\u00e9e par les compagnies Nagananda, Mare Nostrum et LEsprit de la forge. Collaborations et \u00e9changes avec La R\u00e9union : Pourquoi? Comment? Et avec quels moyens?<\/p>\n","protected":false},"excerpt":{"rendered":"<p>rencontres culturelles avignon<\/p>\n","protected":false},"author":1,"featured_media":0,"comment_status":"closed","ping_status":"closed","sticky":false,"template":"","format":"standard","meta":{"footnotes":""},"categories":[1],"tags":[],"_links":{"self":[{"href":"http:\/\/versa-line.com\/site\/wp-json\/wp\/v2\/posts\/10899"}],"collection":[{"href":"http:\/\/versa-line.com\/site\/wp-json\/wp\/v2\/posts"}],"about":[{"href":"http:\/\/versa-line.com\/site\/wp-json\/wp\/v2\/types\/post"}],"author":[{"embeddable":true,"href":"http:\/\/versa-line.com\/site\/wp-json\/wp\/v2\/users\/1"}],"replies":[{"embeddable":true,"href":"http:\/\/versa-line.com\/site\/wp-json\/wp\/v2\/comments?post=10899"}],"version-history":[{"count":1,"href":"http:\/\/versa-line.com\/site\/wp-json\/wp\/v2\/posts\/10899\/revisions"}],"predecessor-version":[{"id":10900,"href":"http:\/\/versa-line.com\/site\/wp-json\/wp\/v2\/posts\/10899\/revisions\/10900"}],"wp:attachment":[{"href":"http:\/\/versa-line.com\/site\/wp-json\/wp\/v2\/media?parent=10899"}],"wp:term":[{"taxonomy":"category","embeddable":true,"href":"http:\/\/versa-line.com\/site\/wp-json\/wp\/v2\/categories?post=10899"},{"taxonomy":"post_tag","embeddable":true,"href":"http:\/\/versa-line.com\/site\/wp-json\/wp\/v2\/tags?post=10899"}],"curies":[{"name":"wp","href":"https:\/\/api.w.org\/{rel}","templated":true}]}}