{"id":10853,"date":"2020-10-15T09:39:16","date_gmt":"2020-10-15T09:39:16","guid":{"rendered":"http:\/\/versa-line.com\/site\/?p=10853"},"modified":"2020-10-04T08:21:58","modified_gmt":"2020-10-04T08:21:58","slug":"cnam-rencontres","status":"publish","type":"post","link":"http:\/\/versa-line.com\/site\/2020\/10\/15\/cnam-rencontres\/","title":{"rendered":"Cnam Rencontres"},"content":{"rendered":"<p>En regardant une vid\u00e9o live en vertical sur mon smartphone en plein \u00e9cran, je suis dans le m\u00eame rapport que celui que je peux avoir une personne avec qui je discute en visio d\u00e9clare Edouard Braud. La promotion 2013 du Paris Durable : d\u00e9couvrez les 11 membres de cette premi\u00e8re \u00e9dition!  Pour son quatri\u00e8me Rendez-vous d\u00e9di\u00e9 aux Plans climat territoriaux, le Comit\u00e9 21 a abord\u00e9 les questions de ladaptation au changement climatique et de vuln\u00e9rabilit\u00e9 des territoires, deux th\u00e8mes tr\u00e8s peu abord\u00e9s \u00e0 ce jour dans les Plans climat existan Cette ann\u00e9e, dans la cadre de son colloque annuel, ANASUP aura le plaisir d\u00eatre re\u00e7u au CNAM de Paris rue Saint Martin pour organiser sa rencontre nationale.  Lam\u00e9lioration de la qualit\u00e9 de lair repr\u00e9sente un d\u00e9fi majeur pour lenvironnement et la sant\u00e9. Les ambitions de ce programme sont de cr\u00e9er des partenariats multi-acteurs autour de rencontres, d\u00e9bats et ateliers th\u00e9matiques, de favoriser une appropriation des Objectifs de d\u00e9veloppement durable et dinciter les collaborations, notamment internationales.. Le jeudi 1er mars, le Comit\u00e9 21 vous convie \u00e0 une journ\u00e9e sur le th\u00e8me de la prise en compte des risques sociaux par les Agenda 21. Ce grand plan historique donne la couleur de lambition de la nouvelle Commission pour placer lEurope comme premier continent \u00e0 prendre ses responsabilit\u00e9s face aux enjeux soci\u00e9taux de notre si\u00e8cle.. Nicolas Hulot d\u00e9missionne du minist\u00e8re de la Transition \u00e9cologique. <img decoding=\"async\" src=\"http:\/\/www.hjonabprapatklinik.tk\/media\/zoo\/images\/gazeau2_1ada4021c41d3d477f7bf62076028f8e.jpg\" alt=\"cnam rencontres\" align=\"center\"> <img decoding=\"async\" src=\"http:\/\/filmerletravail.org\/wp-content\/uploads\/2014\/11\/rd-610x865.jpg\" alt=\"cnam rencontres\" align=\"center\"> Depuis le d\u00e9cret dapplication de la loi n2010-788 du 12 juillet 2010 portant engagement national pour lenvironnement, le Comit\u00e9 21 accompagne ses collectivit\u00e9s adh\u00e9rentes \u00e0 l\u00e9laboration de leur rapport annuel de d\u00e9veloppement durable..  \u00c0 r\u00e9-\u00e9couter Cycle Les conf\u00e9rences de Jean-Marc Monteil <img decoding=\"async\" src=\"http:\/\/www.ihmc.ens.fr\/IMG\/jpg\/laicites_et_religions_-_affiche.jpg\" alt=\"cnam rencontres\" align=\"center\"> \u00c9valuation dun programme europ\u00e9en d\u00e9ducation \u00e0 la citoyennet\u00e9 Une conf\u00e9rence en pr\u00e9sence de 2 fondatrices qui ont t\u00e9moign\u00e9 sur le lancement de leur startup! \u00c0 r\u00e9\u00e9couter Les entretiens de la Chaire de Travail social et dintervention sociale Vigilance sur les astreintes : lexercice du contact de tracing par les brigades va n\u00e9cessiter dautres activit\u00e9s en support, comme linformatique par exemple. Cette activit\u00e9 va sexercer en veille sous la forme dastreintes. Participez \u00e0 la formation : Concevoir et animer une d\u00e9marche territoriale de d\u00e9veloppement durable Prendre la main sur l\u00e9valuation Dialogue Gfen, avril 2020 15 mai Les Matinales de lIfris sont organis\u00e9es en partenariat avec lUniversit\u00e9 Paris-Est UPE, avec le soutien du Cnam.<\/p>\n","protected":false},"excerpt":{"rendered":"<p>cnam rencontres<\/p>\n","protected":false},"author":1,"featured_media":0,"comment_status":"closed","ping_status":"closed","sticky":false,"template":"","format":"standard","meta":{"footnotes":""},"categories":[1],"tags":[],"_links":{"self":[{"href":"http:\/\/versa-line.com\/site\/wp-json\/wp\/v2\/posts\/10853"}],"collection":[{"href":"http:\/\/versa-line.com\/site\/wp-json\/wp\/v2\/posts"}],"about":[{"href":"http:\/\/versa-line.com\/site\/wp-json\/wp\/v2\/types\/post"}],"author":[{"embeddable":true,"href":"http:\/\/versa-line.com\/site\/wp-json\/wp\/v2\/users\/1"}],"replies":[{"embeddable":true,"href":"http:\/\/versa-line.com\/site\/wp-json\/wp\/v2\/comments?post=10853"}],"version-history":[{"count":1,"href":"http:\/\/versa-line.com\/site\/wp-json\/wp\/v2\/posts\/10853\/revisions"}],"predecessor-version":[{"id":10854,"href":"http:\/\/versa-line.com\/site\/wp-json\/wp\/v2\/posts\/10853\/revisions\/10854"}],"wp:attachment":[{"href":"http:\/\/versa-line.com\/site\/wp-json\/wp\/v2\/media?parent=10853"}],"wp:term":[{"taxonomy":"category","embeddable":true,"href":"http:\/\/versa-line.com\/site\/wp-json\/wp\/v2\/categories?post=10853"},{"taxonomy":"post_tag","embeddable":true,"href":"http:\/\/versa-line.com\/site\/wp-json\/wp\/v2\/tags?post=10853"}],"curies":[{"name":"wp","href":"https:\/\/api.w.org\/{rel}","templated":true}]}}