{"id":10735,"date":"2020-10-14T21:26:44","date_gmt":"2020-10-14T21:26:44","guid":{"rendered":"http:\/\/versa-line.com\/site\/?p=10735"},"modified":"2020-10-04T04:59:52","modified_gmt":"2020-10-04T04:59:52","slug":"rencontres-du-pompidou","status":"publish","type":"post","link":"http:\/\/versa-line.com\/site\/2020\/10\/14\/rencontres-du-pompidou\/","title":{"rendered":"Rencontres Du Pompidou"},"content":{"rendered":"<p>Alain Marleix, ministre, disserta autour des probl\u00e8mes de la ruralit\u00e9 dans le Cantal. Il rappela limportant discours Samedi matin sest tenue la journ\u00e9e nationale des pompiers, o\u00f9 ces derniers sont mis \u00e0 lhonn..   <img decoding=\"async\" src=\"http:\/\/www.art-action.org\/proposition\/catalogue\/photo\/17_2897_al_qadiri_1.jpg\" alt=\"rencontres du pompidou\" align=\"right\"> A Brienne le ch\u00e2teau un incendie de grande ampleur est survenu en milieu dapr\u00e8s midi. Le feu se.. O\u00f9 sont les autres? Que vivent-ils? Et comment le vivent-ils? Cest ce qua cherch\u00e9 \u00e0 savoir le photographe David Templier en r\u00e9action aux images m\u00e9diatiques qui montraient des villes fant\u00f4mes, priv\u00e9es de leurs habitants et ce quil a d\u00e9couvert nest pas forc\u00e9ment attendu. A regarder les photos de rues d\u00e9sertes diffus\u00e9es un peu partout, jai eu envie daller \u00e0 la rencontre des gens. Confin\u00e9s ou pas. Je ne voulais pas faire un reportage de lexceptionnel, des h\u00e9ros du quotidien, mais bien mint\u00e9resser \u00e0 des personnes lambda oblig\u00e9es de r\u00e9organiser leur vie professionnelle, comme familiale. Lartiste a utilis\u00e9 le web pour recruter ses mod\u00e8les. Plut\u00f4t des jeunes et des actifs. Un mode de s\u00e9lection quil trouve un peu trop s\u00e9lectif parce quil ninclut que les habitu\u00e9s des r\u00e9seaux et ne permet pas de rep\u00e9rer ceux que le confinement affecte particuli\u00e8rement. Rendez-vous pris, David Templier reste \u00e0 lext\u00e9rieur des demeures et immortalise les volontaires sur le pas de leur porte, \u00e0 une fen\u00eatre, \u00e0 un balcon ou encore install\u00e9s dans leur cour. Les m\u00e8tres laiss\u00e9s entre eux et moi que r\u00e9v\u00e8le chacune des photos existent non seulement par respect des mesures sanitaires mais aussi pour marquer formellement cette distance. Surprise! La quasi-totalit\u00e9 des personnes photographi\u00e9es offrent un visage serein, souriant. Malgr\u00e9 quelques probl\u00e8mes dorganisation li\u00e9s au changement dhabitudes, elles avaient toutes trouv\u00e9 au moins un aspect positif \u00e0 la contrainte et pour la plupart c\u00e9tait de pouvoir soccuper de leur famille. Un temps interrog\u00e9 par le caract\u00e8re presque joyeux de ses photographies, qui contrastaient fortement avec celles aux accents dramatiques montraient par les m\u00e9dias, David Templier est finalement satisfait davoir pu montrer une autre facette du confinement P-E. M Confinement, David Templier, 2020. David Templier Se divertir avec le Centre Pompidou : d\u00e9c\u00e8s de Georges Pompidou. Le pr\u00e9sident du S\u00e9nat,, assure lint\u00e9rim. <img decoding=\"async\" src=\"http:\/\/atelier-rencontre.ensad.fr\/wp-content\/uploads\/2013\/11\/RICHTER1.jpg\" alt=\"rencontres du pompidou\" align=\"right\">  Les secours ont \u00e9t\u00e9 appel\u00e9s, ce mercredi, \u00e0 23h30 pour un accident de la.. Dans le cadre la Semaine de la langue fran\u00e7aise et de la Francophonie, lop\u00e9ration de sensibilisation \u00e0 la langue fran\u00e7aise Dis-moi dix mots invite chacun \u00e0 d\u00e9couvrir le fran\u00e7ais parl\u00e9 dans les diff\u00e9rents territoires de la francophonie et les fait r\u00e9sonner avec des \u0153uvres choisies dans la collection du Mus\u00e9e national dart moderne. Noubliez-pas de t\u00e9l\u00e9charger lapplication du Centre Pompidou avant de venir! Il y a eu un avant et un apr\u00e8s Bpifrance puisquil nous a permis douvrir les yeux sur les capacit\u00e9s de d\u00e9veloppement que lon pouvait avoir gr\u00e2ce \u00e0 son soutien.-Patrick Desforet, pr\u00e9sident de PMS Industrie. Th\u00e9\u00e2tre, litt\u00e9rature, cin\u00e9ma : peut-on encore opposer les Anciens et les Modernes? Avec un dialogue entre Olivier Cadiot et Bertrand Lavier 25, suivi de : Querelle des Anciens et des Modernes, par Jo\u00eblle Gayot, 27 avec Annie Mercier et Jean Luc Vincent Un pilote de parapente a mal r\u00e9ussi son atterrissage en d\u00e9but dapr\u00e8s midi dans.. Coronavirus : Les mus\u00e9es ne rouvriront pas leurs portes le 11 mai Retrait des contremarques et bandeaux 15 minutes avant le d\u00e9but de la visite Ce jeudi, la direction d\u00e9partementale de la s\u00e9curit\u00e9 publique de lAube et la compagnie r\u00e9publ.. Il est arriv\u00e9 \u00e0 Troyes il y a quelques semaines, le Lieutenant-Colonel Fr\u00e9deac.. <img decoding=\"async\" src=\"http:\/\/www.art-action.org\/site\/_images\/info\/lieux\/2017\/paris\/02_pompidou_bandeau.jpg\" alt=\"rencontres du pompidou\" align=\"center\">.<\/p>\n","protected":false},"excerpt":{"rendered":"<p>rencontres du pompidou<\/p>\n","protected":false},"author":1,"featured_media":0,"comment_status":"closed","ping_status":"closed","sticky":false,"template":"","format":"standard","meta":{"footnotes":""},"categories":[1],"tags":[],"_links":{"self":[{"href":"http:\/\/versa-line.com\/site\/wp-json\/wp\/v2\/posts\/10735"}],"collection":[{"href":"http:\/\/versa-line.com\/site\/wp-json\/wp\/v2\/posts"}],"about":[{"href":"http:\/\/versa-line.com\/site\/wp-json\/wp\/v2\/types\/post"}],"author":[{"embeddable":true,"href":"http:\/\/versa-line.com\/site\/wp-json\/wp\/v2\/users\/1"}],"replies":[{"embeddable":true,"href":"http:\/\/versa-line.com\/site\/wp-json\/wp\/v2\/comments?post=10735"}],"version-history":[{"count":1,"href":"http:\/\/versa-line.com\/site\/wp-json\/wp\/v2\/posts\/10735\/revisions"}],"predecessor-version":[{"id":10736,"href":"http:\/\/versa-line.com\/site\/wp-json\/wp\/v2\/posts\/10735\/revisions\/10736"}],"wp:attachment":[{"href":"http:\/\/versa-line.com\/site\/wp-json\/wp\/v2\/media?parent=10735"}],"wp:term":[{"taxonomy":"category","embeddable":true,"href":"http:\/\/versa-line.com\/site\/wp-json\/wp\/v2\/categories?post=10735"},{"taxonomy":"post_tag","embeddable":true,"href":"http:\/\/versa-line.com\/site\/wp-json\/wp\/v2\/tags?post=10735"}],"curies":[{"name":"wp","href":"https:\/\/api.w.org\/{rel}","templated":true}]}}