{"id":10717,"date":"2020-10-14T17:37:45","date_gmt":"2020-10-14T17:37:45","guid":{"rendered":"http:\/\/versa-line.com\/site\/?p=10717"},"modified":"2020-10-04T04:07:09","modified_gmt":"2020-10-04T04:07:09","slug":"rencontre-orient-occident-sierre","status":"publish","type":"post","link":"http:\/\/versa-line.com\/site\/2020\/10\/14\/rencontre-orient-occident-sierre\/","title":{"rendered":"Rencontre Orient Occident Sierre"},"content":{"rendered":"<p><img decoding=\"async\" src=\"http:\/\/www.subject.serenitynowmassagetherapy.com\/img\/400\/559d6ea1d8fce-services-carreleur-carrelage-soc-is-sur-tille-21120-bourgogne-1-400.jpg\" alt=\"rencontre orient occident sierre\" align=\"left\"> La quantit\u00e9 minimale pour pouvoir commander ce produit est 1 Pour cette \u00e9mission printani\u00e8re, AU TAQUET! vous propose des sujets consacr\u00e9s essentiellement aux sports et aux. Lylo.fr le guide de vos concerts en \u00cele-de-France <img decoding=\"async\" src=\"http:\/\/www.visitluxembourg.com\/media\/cache\/38522_resized_800_600_90_90ee00bc87e2d8d7098b2f8f39613179.jpg\" alt=\"rencontre orient occident sierre\" align=\"left\"> Antonin Andr\u00e9 Requena violon et Pascal Jourdan piano A d\u00e9couvrir \u00e9galement apr\u00e8s le vernissage, dans le cadre des Rencontres Orient-Occident et en partenariat avec Swiss Made Culture, le film Iraqi Odyssey en pr\u00e9sence du r\u00e9alisateur Samir, 20h30, Cin\u00e9ma du Bourg, Sierre. Le guitariste Bob Bonastre pour la sortie de son album Ocean Dream. Il sera accompagn\u00e9 de David Venitucci \u00e0 laccord\u00e9on  17 mai Th\u00e9\u00e2tre Musical Les gourmandises de Satie avec Pascale Bessard-Textes et Musiques dErik Satie-REPORT\u00c9  F aites attention, ce CD peut senflammer \u00e0 tout moment dans votre lecteur tellement lambiance y est chaude et chaleureuse et jesp\u00e8re que vous aurez comme moi un coup de c\u0153ur pour la derni\u00e8re toune C\u00e9 quess\u00e9 avec le tintamarre des Acadiens aid\u00e9 du public qui va rester une version m\u00e9morable de ce beau morceau inspir\u00e9 par leur passage en Nouvelle Ecosse.. Les ROO-Mercier: le temps de la r\u00e9flexion pour penser laction Le Club de Mediapart  <img decoding=\"async\" src=\"http:\/\/idata.over-blog.com\/1\/03\/84\/31\/Creches-2011\/partie-orientale\/creche-orientale-10.JPG\" alt=\"rencontre orient occident sierre\" align=\"left\"> ORIENT OCCIDENT-Sunset Sunside, Paris, 75001-Sortir \u00e0 France-Le Parisien Etudiant Le d\u00e9brief de lactualit\u00e9 de la semaine revue et comment\u00e9e par Gr\u00e9goire Dussex, municipal \u00e0 Ayent.. Pour cette \u00e9dition 2016, les Rencontres Orient-Occident ne se contenteront pas du magnifique cadre du Ch\u00e2teau Mercier et sortiront \u00e0 la rencontre du public, notamment des jeunes, a pr\u00e9cis\u00e9 Ren\u00e9-Pierre Antille. Des films sont programm\u00e9s sp\u00e9cialement pour les \u00e9coles et plusieurs d\u00e9bats sont organis\u00e9s avec lappui de lEPFL-Sion, du Coll\u00e8ge des Creusets et de la HES-SO Valais. Ce site utilise Akismet pour r\u00e9duire les ind\u00e9sirables. \u0418\u043d\u0444\u043e\u0440\u043c\u0430\u0446\u0438\u043e\u043d\u043d\u044b\u0435 \u043c\u0430\u0448\u0438\u043d\u044b, \u044f\u0432\u043b\u044f\u0432\u0448\u0438\u0435\u0441\u044f \u043d\u0435 \u0431\u043e\u043b\u0435\u0435 \u0447\u0435\u043c \u0443\u0434\u0430\u043b\u0435\u043d\u043d\u044b\u043c\u0438 \u0444\u0440\u0430\u0433\u043c\u0435\u043d\u0442\u0430\u043c\u0438 \u044d\u0442\u043e\u0433\u043e \u0433\u0440\u0430\u043d\u0434\u0438\u043e\u0437\u043d\u043e\u0433\u043e \u0438\u043d\u0442\u0435\u043b\u043b\u0435\u043a\u0442\u0430, \u043c\u043e\u0433\u043b\u0438 \u0431\u0435\u0441\u0435\u0434\u043e\u0432\u0430\u0442\u044c \u0441 \u043b\u044e\u0434\u044c\u043c\u0438-\u043d\u043e \u0438\u0445 \u0433\u043e\u043b\u043e\u0441 \u043d\u0435 \u043e\u0431\u043b\u0430\u0434\u0430\u043b \u044d\u0442\u0438\u043c \u0442\u0435\u043c\u0431\u0440\u043e\u043c, \u0432 \u043a\u043e\u0442\u043e\u0440\u043e\u043c \u0441\u043b\u044b\u0448\u0430\u043b\u0438\u0441\u044c \u0431\u0435\u0437\u0443\u043f\u0440\u0435\u0447\u043d\u0430\u044f \u043c\u0443\u0434\u0440\u043e\u0441\u0442\u044c \u0438 \u0430\u0432\u0442\u043e\u0440\u0438\u0442\u0435\u0442. Une exposition dans le cadre du programme SMArt en partenariat avec les Rencontres Orient-Occident 2018 Il reste moins de 300 jours avant les Mondiaux de cyclisme dAigle-Martigny 2020. En attendant la.. Au c\u0153ur de Migros sion et de la Jardinerie Constantin \u00e0 Martigny. Une \u00e9mission r\u00e9alis\u00e9e en.. Libnanews est un site dinformations en fran\u00e7ais sur le Liban n\u00e9 dune initiative citoyenne et pr\u00e9sent sur la toile depuis 2006. Libnanews est un m\u00e9dia citoyen bas\u00e9 \u00e0 l\u00e9tranger, et form\u00e9 uniquement de jeunes b\u00e9n\u00e9voles de divers horizons politiques, \u0153uvrant ensemble pour la promotion dune information factuelle neutre. If you think this is a server error, please contact.<\/p>\n","protected":false},"excerpt":{"rendered":"<p>rencontre orient occident sierre<\/p>\n","protected":false},"author":1,"featured_media":0,"comment_status":"closed","ping_status":"closed","sticky":false,"template":"","format":"standard","meta":{"footnotes":""},"categories":[1],"tags":[],"_links":{"self":[{"href":"http:\/\/versa-line.com\/site\/wp-json\/wp\/v2\/posts\/10717"}],"collection":[{"href":"http:\/\/versa-line.com\/site\/wp-json\/wp\/v2\/posts"}],"about":[{"href":"http:\/\/versa-line.com\/site\/wp-json\/wp\/v2\/types\/post"}],"author":[{"embeddable":true,"href":"http:\/\/versa-line.com\/site\/wp-json\/wp\/v2\/users\/1"}],"replies":[{"embeddable":true,"href":"http:\/\/versa-line.com\/site\/wp-json\/wp\/v2\/comments?post=10717"}],"version-history":[{"count":1,"href":"http:\/\/versa-line.com\/site\/wp-json\/wp\/v2\/posts\/10717\/revisions"}],"predecessor-version":[{"id":10718,"href":"http:\/\/versa-line.com\/site\/wp-json\/wp\/v2\/posts\/10717\/revisions\/10718"}],"wp:attachment":[{"href":"http:\/\/versa-line.com\/site\/wp-json\/wp\/v2\/media?parent=10717"}],"wp:term":[{"taxonomy":"category","embeddable":true,"href":"http:\/\/versa-line.com\/site\/wp-json\/wp\/v2\/categories?post=10717"},{"taxonomy":"post_tag","embeddable":true,"href":"http:\/\/versa-line.com\/site\/wp-json\/wp\/v2\/tags?post=10717"}],"curies":[{"name":"wp","href":"https:\/\/api.w.org\/{rel}","templated":true}]}}