{"id":10675,"date":"2020-10-14T05:00:38","date_gmt":"2020-10-14T05:00:38","guid":{"rendered":"http:\/\/versa-line.com\/site\/?p=10675"},"modified":"2020-10-04T02:52:35","modified_gmt":"2020-10-04T02:52:35","slug":"rencontres-vocales","status":"publish","type":"post","link":"http:\/\/versa-line.com\/site\/2020\/10\/14\/rencontres-vocales\/","title":{"rendered":"Rencontres Vocales"},"content":{"rendered":"<p>Nous avons besoin de laide de la communaut\u00e9 nationale. La tribune de Mgr Malle pour laccueil des migrants dans les Alpes Le Saint P\u00e8re a atterri \u00e0 Panama, mercredi et a rejoint la nonciature apostolique. Loccasion pour les p\u00e8lerins de lapercevoir avant la c\u00e9r\u00e9monie de bienvenue ce jeudi 24 janvier \u00e0 15h45 heure locale. Les v\u00e9rit\u00e9s 2018 LItalie face \u00e0 limmigration : la m\u00eame obsession g\u00e9opolitique en Allemagne, en Autriche, en Angleterre, en France, en Pologne, en Hongrie Cela sinscrit dans une forme de d\u00e9croissance. Or, pour le moment, la cr\u00e9ation demplois est surtout fond\u00e9e sur laugmentation de la consommation. No\u00ebl est la revanche de lhumilit\u00e9 sur larrogance, de la simplicit\u00e9 sur labondance, du silence sur le vacarme, de la pri\u00e8re sur mon temps pour moi, de Dieu sur mon ego. Pour No\u00ebl, le pape Fran\u00e7ois nous invite \u00e0 faire comme J\u00e9sus descendre vers celui qui a besoin de nous. D\u00e9couvrez notre programmation de No\u00ebl. 1627 \u00c9couter \u00c9couter Ajouter \u00e0 la playlist Poudreuse dans la Meuse Pas question de passer \u00e0 c\u00f4t\u00e9 de cet \u00e9v\u00e9nement dune convivialit\u00e9 hors normes. La vall\u00e9e de Bar\u00e9tous vous accueille dans une ambiance unique. Google Voice, qui permet de passer des appels, denvoyer des SMS et de g\u00e9rer les messages vocaux. Par exemple, nous employons des cookies pour analyser la fa\u00e7on dont les internautes utilisent nos services. Ces analyses nous permettent de concevoir des produits de meilleure qualit\u00e9. Elles peuvent par exemple nous aider \u00e0 nous rendre compte du fait que les utilisateurs mettent du temps \u00e0 accomplir certaines t\u00e2ches ou que certaines \u00e9tapes dun processus sont difficiles \u00e0 r\u00e9aliser. Nous pouvons alors repenser la fonctionnalit\u00e9 concern\u00e9e et am\u00e9liorer le produit pour lensemble des utilisateurs. Cat\u00e9gories sensibles Des produits int\u00e9gr\u00e9s dans des applications et des sites tiers, tels que des annonces et la version int\u00e9gr\u00e9e de Google Maps Vos donn\u00e9es personnelles La Ville et lEurom\u00e9tropole de Strasbourg, sis 1 parc de lEtoile 67000 Strasbourg, traite vos donn\u00e9es personnelles collect\u00e9es par ce formulaire dans le but de vous envoyer la newsletter du Shadok. Ce premier CD en r\u00e9cital place dembl\u00e9e Anthea Pichanick parmi les meilleurs contraltos de notre \u00e9poque ; gageons quavec cet enregistrement effectu\u00e9 du 16 au 19 juillet 2019 \u00e0 lEglise luth\u00e9rienne Saint Pierre de Paris, elle nest quau d\u00e9but dune carri\u00e8re qui est d\u00e9j\u00e0 au-del\u00e0 de la promesse. Cest la confirmation \u00e9clatante dun indiscutable talent.   Le 13 juin 2020 Sortie du Conservatoire despaces.. <img decoding=\"async\" src=\"http:\/\/www.varaylaborix.com\/site\/medias\/photo.JPG\" alt=\"rencontres vocales\" align=\"left\"> <img decoding=\"async\" src=\"http:\/\/giocovocale.com\/wp-content\/uploads\/2015\/05\/Concert_baroque_juin_2015.jpg\" alt=\"rencontres vocales\" align=\"right\"> Les projets mis en \u0153uvre dans le cadre du plan de d\u00e9veloppement du chant choral \u00e0 l\u00e9cole sorganisent au niveau territorial et national. Ils visent \u00e0 permettre aux \u00e9l\u00e8ves de vivre des exp\u00e9riences chorales formatrices et artistiquement ambitieuses, enrichies par lapport de diff\u00e9rents partenaires. Ils sinscrivent dans le cadre du programme interminist\u00e9riel \u00c0 l\u00e9cole des arts et de la culture. Manuel Simonnet Chef de ch\u0153urIsabelle Germain Professeur de chant au CNSMD de Lyon,  En mai, une s\u00e9rie de concerts \u00e0 lh\u00f4pital du V\u00e9sinet dans les services puis dans la grande salle de spectacles. Je chante, dans le pupitre t\u00e9nor, dans 2 chorales, Les Encantats et Jem la Y\u00e9, toutes deux bas\u00e9es dans le S\u00e9ronnais, Cadarcet et la Bastide de S\u00e9rou, mais ne faisant pas partie de structure f\u00e9d\u00e9r\u00e9e \u00e0 la F\u00e9d\u00e9ration Musicale de lAri\u00e8ge. Grand T\u00e9moin : la culture g\u00e9n\u00e9rale dans un magazine heureux situ\u00e9s dans la premi\u00e8re moiti\u00e9 du transept <img decoding=\"async\" src=\"http:\/\/www.amrae.fr\/sites\/default\/files\/Amrae-23%C3%A8mes%20rencontres-Cannes%202015-1572_2.jpg\" alt=\"rencontres vocales\" align=\"center\"> Emmanuel Macron devant les parlementaires europ\u00e9ens : convainquant?<\/p>\n","protected":false},"excerpt":{"rendered":"<p>rencontres vocales<\/p>\n","protected":false},"author":1,"featured_media":0,"comment_status":"closed","ping_status":"closed","sticky":false,"template":"","format":"standard","meta":{"footnotes":""},"categories":[1],"tags":[],"_links":{"self":[{"href":"http:\/\/versa-line.com\/site\/wp-json\/wp\/v2\/posts\/10675"}],"collection":[{"href":"http:\/\/versa-line.com\/site\/wp-json\/wp\/v2\/posts"}],"about":[{"href":"http:\/\/versa-line.com\/site\/wp-json\/wp\/v2\/types\/post"}],"author":[{"embeddable":true,"href":"http:\/\/versa-line.com\/site\/wp-json\/wp\/v2\/users\/1"}],"replies":[{"embeddable":true,"href":"http:\/\/versa-line.com\/site\/wp-json\/wp\/v2\/comments?post=10675"}],"version-history":[{"count":1,"href":"http:\/\/versa-line.com\/site\/wp-json\/wp\/v2\/posts\/10675\/revisions"}],"predecessor-version":[{"id":10676,"href":"http:\/\/versa-line.com\/site\/wp-json\/wp\/v2\/posts\/10675\/revisions\/10676"}],"wp:attachment":[{"href":"http:\/\/versa-line.com\/site\/wp-json\/wp\/v2\/media?parent=10675"}],"wp:term":[{"taxonomy":"category","embeddable":true,"href":"http:\/\/versa-line.com\/site\/wp-json\/wp\/v2\/categories?post=10675"},{"taxonomy":"post_tag","embeddable":true,"href":"http:\/\/versa-line.com\/site\/wp-json\/wp\/v2\/tags?post=10675"}],"curies":[{"name":"wp","href":"https:\/\/api.w.org\/{rel}","templated":true}]}}