{"id":10603,"date":"2020-10-14T00:25:54","date_gmt":"2020-10-14T00:25:54","guid":{"rendered":"http:\/\/versa-line.com\/site\/?p=10603"},"modified":"2020-10-04T00:59:35","modified_gmt":"2020-10-04T00:59:35","slug":"rencontres-capitales-marseille","status":"publish","type":"post","link":"http:\/\/versa-line.com\/site\/2020\/10\/14\/rencontres-capitales-marseille\/","title":{"rendered":"Rencontres Capitales Marseille"},"content":{"rendered":"<p><img decoding=\"async\" src=\"http:\/\/assets.etudiant.lefigaro.fr\/cms\/pics\/PHOa2e3f874-4627-11e3-8f58-d0f053e0053e-805x453.jpg\" alt=\"rencontres capitales marseille\" align=\"right\"> Jaguar Network accueille les Rencontres Productives de Wrike au sein de son nouveau si\u00e8ge 3.0 Quanta, le jeudi 14 juin 2018 Pour sa 3\u00e8me \u00e9dition des Rencontres Productives, notre \u00e9quipe Wrike France sest rendue dans le nouvel espace Quanta de Jaguar Network, afin de r\u00e9unir la communaut\u00e9 dutilisateurs de la solution, dans le Sud de la France.  Ville de Marseille,, sur www.marseille.fr consult\u00e9 le 15 mai 2018.  Comment la recherche peut elle changer la soci\u00e9t\u00e9? Yveline Loiseur d\u00e9veloppe un travail photographique prot\u00e9iforme incluant linstallation, le papier peint et le livre dartiste. M\u00ealant lexp\u00e9rience de linstantan\u00e9 avec la mise en sc\u00e8ne et la reconstitution en atelier, elle explore les notions de temps, de passage et de m\u00e9moire, dessinant une g\u00e9ographie sinueuse entre histoire collective, exp\u00e9rience individuelle et souvenir denfance. Depuis la sph\u00e8re priv\u00e9e La Vie courante jusque dans le milieu urbain Les Villes invisibles, Cr\u00e9puscule du matin, Cavalier seul, La Vie mat\u00e9rielle avec Bureau lImprimante, chacun de ses projets est con\u00e7u \u00e0 partir de micro \u00e9v\u00e9nements issus du quotidien, accumul\u00e9s, rejou\u00e9s et recontextualis\u00e9s pour entrer en r\u00e9sonance avec un environnement social. La photographie devient un territoire dexp\u00e9rimentations po\u00e9tiques dans lesquelles le spectateur est amen\u00e9 \u00e0 se projeter. Le lundi 22 juin, les salles de cin\u00e9ma rouvrent partout en France. Loccasion pour les cin\u00e9philes de r\u00e9investir les salles obscures qui leur ont tant manqu\u00e9. Les exploitants devront cependant appliquer un protocole sanitaire strict. Lorigine de ce nom pr\u00e9occupait d\u00e9j\u00e0 des \u00e9crivains de lAntiquit\u00e9. Ils ont avanc\u00e9 des explications plus ou moins fantaisistes qua r\u00e9sum\u00e9es, le premier historien de la ville, au XVII e si\u00e8cle avec une ironie perceptible. Par exemple a joint les mots \u03bc\u03ac\u03c3\u03c3\u03b1\u03b9, lier et \u1f01\u03bb\u03b9\u03b5\u03cd\u03c2, p\u00e9cheur, pour dire qu\u00e0 larriv\u00e9e des Phoc\u00e9ens un p\u00e9cheur se trouvait sur le rivage pour lier une amarre. 2009-2020 Institut des sciences de la communication Aujourdhui Ir\u00e8ne travaille sur commande dentreprises, de soci\u00e9t\u00e9 de production ou dassociations. Cela lui apprend les vertus de lurgence: savoir mettre en confiance rapidement, tirer le meilleur de ses sujets parfois r\u00e9calcitrants-et d\u00e9veloppe chez elle une capacit\u00e9 de lien et de r\u00e9v\u00e9lation quelle utilise pour ses s\u00e9ries personnelles. <img decoding=\"async\" src=\"http:\/\/www.eight.gregniosi.com\/_fichiers\/annuaires\/1464275727_LA-MALLE-AUX-TRESORS-A3_1905.jpg\" alt=\"rencontres capitales marseille\" align=\"left\">  le final sur la monnaie et le complot rend bien compte de la connerie des VIP penseurs. OM : de vrais soucis \u00e0 se faire sur lavenir de Villas-Boas \u00e0 Marseille? Vous trouverez ici nos derni\u00e8res \u00e9missions archiv\u00e9es en cliquant sur sujets. Marseille Autrement-2 rue Fauchier 13002 Marseille-T\u00e9l : 06 81 11 29 29 n perso pr\u00e9sidente si urgence Enfin d\u00e9confin\u00e9s! La mairie annonce aujourdhui que les balades dans le parc Demouy sont possible d\u00e8s ce vendredi. Le parc Co\u00ebl ouvrira ses portes samedi. Programme de recherche, dispositifs denqu\u00eate et rencontres scientifiques bon nombre des objectifs d\u00e9finis pour les CEC \u00e0 l\u00e9chelon de lUE, notamment jetez un \u0153il dans votre courrier ind\u00e9sirable spam et d\u00e9placez-le dans votre boite de r\u00e9ception. Destin\u00e9s aux entrepreneurs. Voici notre s\u00e9lection. <img decoding=\"async\" src=\"http:\/\/www.habitermarseille.com\/public\/img\/medium\/525ea8a5477bc.jpg\" alt=\"rencontres capitales marseille\" align=\"center\"> Avec Henri Atlan, directeur d\u00e9tudes \u00e0 lEHESS ; Denis Attal, Directeur du d\u00e9partement D\u00e9veloppement des technologies de linformation chez Thales ; Andr\u00e9 Brahic, astrophysicien ; Laurent Lantieri et Eric Scherer, Directeur de la prospective, strat\u00e9gie num\u00e9rique, relations internationales et nouveaux m\u00e9dias de France T\u00e9l\u00e9visions C.<\/p>\n","protected":false},"excerpt":{"rendered":"<p>rencontres capitales marseille<\/p>\n","protected":false},"author":1,"featured_media":0,"comment_status":"closed","ping_status":"closed","sticky":false,"template":"","format":"standard","meta":{"footnotes":""},"categories":[1],"tags":[],"_links":{"self":[{"href":"http:\/\/versa-line.com\/site\/wp-json\/wp\/v2\/posts\/10603"}],"collection":[{"href":"http:\/\/versa-line.com\/site\/wp-json\/wp\/v2\/posts"}],"about":[{"href":"http:\/\/versa-line.com\/site\/wp-json\/wp\/v2\/types\/post"}],"author":[{"embeddable":true,"href":"http:\/\/versa-line.com\/site\/wp-json\/wp\/v2\/users\/1"}],"replies":[{"embeddable":true,"href":"http:\/\/versa-line.com\/site\/wp-json\/wp\/v2\/comments?post=10603"}],"version-history":[{"count":1,"href":"http:\/\/versa-line.com\/site\/wp-json\/wp\/v2\/posts\/10603\/revisions"}],"predecessor-version":[{"id":10604,"href":"http:\/\/versa-line.com\/site\/wp-json\/wp\/v2\/posts\/10603\/revisions\/10604"}],"wp:attachment":[{"href":"http:\/\/versa-line.com\/site\/wp-json\/wp\/v2\/media?parent=10603"}],"wp:term":[{"taxonomy":"category","embeddable":true,"href":"http:\/\/versa-line.com\/site\/wp-json\/wp\/v2\/categories?post=10603"},{"taxonomy":"post_tag","embeddable":true,"href":"http:\/\/versa-line.com\/site\/wp-json\/wp\/v2\/tags?post=10603"}],"curies":[{"name":"wp","href":"https:\/\/api.w.org\/{rel}","templated":true}]}}