{"id":10540,"date":"2020-10-14T03:13:26","date_gmt":"2020-10-14T03:13:26","guid":{"rendered":"http:\/\/versa-line.com\/site\/?p=10540"},"modified":"2020-10-03T23:11:40","modified_gmt":"2020-10-03T23:11:40","slug":"rencontre-motard-95","status":"publish","type":"post","link":"http:\/\/versa-line.com\/site\/2020\/10\/14\/rencontre-motard-95\/","title":{"rendered":"Rencontre Motard 95"},"content":{"rendered":"<p>Je cherche \u00e0 \u00e9largir mon cercle damis. Je suis de Sarcelles. Jadore le cin\u00e9ma, le th\u00e9\u00e2tre, les expositions et le sport. Salut, les beaux jours reviennent, le d\u00e9confinement est en cours et ma selle a une place de libre.. Je roule sur K16, conduite tranquillou pour balades dans la r\u00e9gion Drome Ardeche voir plus.. Recherche un petit bout de femme passag\u00e8re \u00e9quip\u00e9e de pr\u00e9f\u00e9rence et proche des grandes vacances serait un plus! Age en rapport. Merci, a bientot peut etre.. Sorties entre amis Soir\u00e9es priv\u00e9es Ballades en for\u00eat Messages: 2286 Inscription: Dim 19 Ao\u00fb, 2012 19:57 Localisation: nord Moto: 1100 ZZR D 1996 Bleu Grand Pavois effect Kilom\u00e9trage: 37362 Grand merci \u00e0 toute l\u00e9quipe pour leur \u00e9coute et leur disponibilit\u00e9. Fr\u00e9d\u00e9ric Boismal est producteur audiovisuel et membre de BNI Vend\u00f4me depuis octobre 2009. Pour d\u00e9velopper limage de sa soci\u00e9t\u00e9, il.. Sinon un autre coin de cergy avec plein de motards : eragny les vendredi soirs <img decoding=\"async\" src=\"http:\/\/motardactu.zeva.webfactional.com\/wp-content\/uploads\/2017\/02\/Yamaha-YZ-250-F-609x330.png\" alt=\"rencontre motard 95\" align=\"left\"> La s\u00e9curit\u00e9 des enfants dans les activit\u00e9s physiques et sportives n\u00e9cessite la pr\u00e9sence de nombreux adultes. Aux futurs inscrits, vous verrez la diff\u00e9rence de la formation Mika avec les autres concurrents le jour de lexamen! Vi jessaie de pr\u00e9parer une carte des routes sympas  En cas de paiement par ch\u00e8que ou par virement, lAbonnement ne sera pas renouvel\u00e9 \u00e0 larriv\u00e9e de son \u00e9ch\u00e9ance.-Est-ce que cest plus difficile de pratiquer un sport, quand on est en situation de handicap? R\u00e9ponse de Caroline Velu: Tout dabord, je vais faire une petit pr\u00e9cision, certains dentre vous parlent denfants et dautres de handicap\u00e9s. Il est important de parler de la personne et non du handicap. On parle dun sportif et non dune personne en situation de handicap. Un handicap, cest une difficult\u00e9 pour laquelle il faut trouver une solution. Lorsque vous \u00eates trop petits pour attraper une bo\u00eete de g\u00e2teaux dans un placard trop haut, vous allez chercher un escabeau, une chaise Pour la pratique sportive, cest la m\u00eame chose; il faut trouver une solution. Je sais pas si on est beaucoup de forumiens Val doisiens par ici. A voir! Si vous avez dautres id\u00e9es pour am\u00e9liorer le site et son contenu.. Cette adresse e-mail est prot\u00e9g\u00e9e contre les robots spammeurs. Vous devez activer le JavaScript pour la visualiser.! Dans le compartiment principal, 1 compartiment rembourr\u00e9 pour ordinateur portable et 1 compartiment en filet \u00e0 fermeture \u00e0 glissi\u00e8re Venez visiter des entreprises, nous rencontrer sur les salons ou participer \u00e0 nos r\u00e9unions de travail QG du team : Mc Do de Puiseux RDV de quasi toutes les ballades  RALLYE DE CHARENTE 19 ET 20 OCTOBRE 2019 FINALE DU CHAMPIONNA T DE FRANCE DE RALLYE ROUTIER. Rallye de Charente, une finale \u00e0 suspens malgr\u00e9 des conditions climatiques compliqu\u00e9es R\u00e9cit dune course folle qui restera grav\u00e9e dans ma m\u00e9moire, tout comme cette ann\u00e9e sportive Ayant \u00e9t\u00e9 tr\u00e8s occup\u00e9 ces derni\u00e8res Membre de BNI Castres Autan Gagnant depuis juin 2016, Nicolas Gandia est g\u00e9rant de la soci\u00e9t\u00e9 60D Production, sp\u00e9cialis\u00e9e dans..  <img decoding=\"async\" src=\"http:\/\/nova-moto.fr\/wp-content\/uploads\/2017\/11\/nova-moto-eicma-2017-18-e1511719170742.jpg\" alt=\"rencontre motard 95\" align=\"center\"> <img decoding=\"async\" src=\"http:\/\/www.retrocalage.com\/region_iledefrance\/evenements\/2018Automedon_Salon.jpg\" alt=\"rencontre motard 95\" align=\"center\">.<\/p>\n","protected":false},"excerpt":{"rendered":"<p>rencontre motard 95<\/p>\n","protected":false},"author":1,"featured_media":0,"comment_status":"closed","ping_status":"closed","sticky":false,"template":"","format":"standard","meta":{"footnotes":""},"categories":[1],"tags":[],"_links":{"self":[{"href":"http:\/\/versa-line.com\/site\/wp-json\/wp\/v2\/posts\/10540"}],"collection":[{"href":"http:\/\/versa-line.com\/site\/wp-json\/wp\/v2\/posts"}],"about":[{"href":"http:\/\/versa-line.com\/site\/wp-json\/wp\/v2\/types\/post"}],"author":[{"embeddable":true,"href":"http:\/\/versa-line.com\/site\/wp-json\/wp\/v2\/users\/1"}],"replies":[{"embeddable":true,"href":"http:\/\/versa-line.com\/site\/wp-json\/wp\/v2\/comments?post=10540"}],"version-history":[{"count":1,"href":"http:\/\/versa-line.com\/site\/wp-json\/wp\/v2\/posts\/10540\/revisions"}],"predecessor-version":[{"id":10541,"href":"http:\/\/versa-line.com\/site\/wp-json\/wp\/v2\/posts\/10540\/revisions\/10541"}],"wp:attachment":[{"href":"http:\/\/versa-line.com\/site\/wp-json\/wp\/v2\/media?parent=10540"}],"wp:term":[{"taxonomy":"category","embeddable":true,"href":"http:\/\/versa-line.com\/site\/wp-json\/wp\/v2\/categories?post=10540"},{"taxonomy":"post_tag","embeddable":true,"href":"http:\/\/versa-line.com\/site\/wp-json\/wp\/v2\/tags?post=10540"}],"curies":[{"name":"wp","href":"https:\/\/api.w.org\/{rel}","templated":true}]}}