{"id":10473,"date":"2020-10-14T23:35:00","date_gmt":"2020-10-14T23:35:00","guid":{"rendered":"http:\/\/versa-line.com\/site\/?p=10473"},"modified":"2020-10-03T21:06:48","modified_gmt":"2020-10-03T21:06:48","slug":"rencontre-jeunes-etoiles-2010","status":"publish","type":"post","link":"http:\/\/versa-line.com\/site\/2020\/10\/14\/rencontre-jeunes-etoiles-2010\/","title":{"rendered":"Rencontre Jeunes Etoiles 2010"},"content":{"rendered":"<p>\u00c9tat durgence : tous acteurs de notre s\u00e9curit\u00e9 La Pr\u00e9fecture du Var a r\u00e9alis\u00e9 un recueil de recommandations destin\u00e9es au grand public, relatives \u00e0 la mise en oeuvre de l\u00e9tat durgence dans.. <img decoding=\"async\" src=\"http:\/\/fr.web.img6.acsta.net\/c_215_290\/pictures\/18\/09\/12\/11\/16\/3103616.jpg\" alt=\"rencontre jeunes etoiles 2010\" align=\"right\"> Consciente de certains de ces dysfonctionnements, la collectivit\u00e9 parisienne a initi\u00e9 une profonde r\u00e9forme avec la cr\u00e9ation en novembre 2013 dun p\u00f4le m\u00e9decine statutaire et proc\u00e9dures m\u00e9dico-administratives. Deux \u00e9volutions de sens inverse : la d\u00e9pense au titre des jeunes majeurs  Son activit\u00e9 comprend deux volets principaux : le montage dop\u00e9rations programm\u00e9es dam\u00e9lioration de lhabitat d\u00e9grad\u00e9 portant sur des immeubles ou des quartiers, laide aux particuliers pour le montage de dossiers et la r\u00e9alisation de travaux dans leur habitation. Ce deuxi\u00e8me volet b\u00e9n\u00e9ficie dune subvention municipale dun montant significatif 1 057 773 en 2009.  Printemps 2019 : lEspace Malraux \u00e0 Six-Fours revient pour une nouvelle saison de concerts. Cest le groupe Odezenne qui ouvrira les hostilit\u00e9s le 15 mars. Bien quen appar.. Brevet et bac 2020 : Blanquer d\u00e9voile les modalit\u00e9s  La compagnie l\u00e9toile de la mer de Philippe Bost et Jenny Gallego est invit\u00e9e au 23\u00e9me Festival de Th\u00e9\u00e2tre de Rue de Cracovie en Pologne. Ils y donneront leur spectacle po\u00e9tique et a\u00e9rien intitul\u00e9 La voile. VarUp, le salon de lentreprise! VarUp 2017 cest le rendez-vous annuel de lentreprise. En bref, VarUp cest 2200 visiteurs, 100 stands, 14 talks, 6 ateliers, 12 pl.. Chaque joueur sinscrit en d\u00e9but dann\u00e9e sur un seul cr\u00e9neau sp\u00e9cifique et peut venir jouer en plus sur des cr\u00e9neaux fl\u00e9ch\u00e9s libres. Expo collective les Frangines \u00e0 Toulon Du 1er au 28 avril 2017 Les Frangines vous convient au vernissage de leur deuxi\u00e8me expo collective le samedi 1er avril, \u00e0 partir de 18h30, au 20B Rue.. Au-del\u00e0 de ces sujets, Robert Delaunay reprend \u00e0 son compte les techniques picturales qui font du cubisme une avant-garde. Les visages et les formes sont simplifi\u00e9s \u00e0 lextr\u00eame dans la veine primitiviste de Picasso. La Tour Eiffel est essentialis\u00e9e, r\u00e9duite \u00e0 une sorte de fl\u00e8che. La division du tableau est presque scientifique : rectangles qui se superposent et r\u00e8glent g\u00e9om\u00e9triquement lespace. Aujourdhui, Micha\u00ebl MATTHES est titulaire des Grandes Orgues de la Cath\u00e9drale de Troyes et professeur au Conservatoire \u00e0 Rayonnement D\u00e9partemental de la ville, ainsi que Co-titulaire des Grandes Orgues de la Cath\u00e9drale de Tulle. Le run \u00e0 lire pour en apprendre davantage sur le personnage de, alias Matt Murdock, le justicier aveugle. Un classique Marvel, ind\u00e9modable et parfait pour mettre un pied dans la porte du lunivers foisonnant des comics de super-h\u00e9ros. LInspection g\u00e9n\u00e9rale a r\u00e9alis\u00e9 un audit des modalit\u00e9s dattribution et de v\u00e9rification des autorisations de terrasses et d\u00e9talages parisiennes. Chaque mission pr\u00e9sente des particularit\u00e9s, dues \u00e0 la sp\u00e9cificit\u00e9 des quartiers et aux contraintes locales : population en difficult\u00e9s particuli\u00e8rement lourdes pour Paris Est et Belliard, contraintes dues \u00e0 des probl\u00e8mes de locaux Soleil, de loyer co\u00fbteux Paris Centre, un positionnement excentr\u00e9 Pari dAvenir. Toutes obtiennent des r\u00e9sultats conformes \u00e0 leur convention dobjectifs. Pardonnez-moi, jai cru quil sagissait de la reine. Lion et Alexandre Chemetoff, qui dirigera son dipl\u00f4me en 1996. <img decoding=\"async\" src=\"http:\/\/img.over-blog.com\/353x500\/1\/47\/01\/24\/RENC-AFFICHE.jpg\" alt=\"rencontre jeunes etoiles 2010\" align=\"right\"> Cette ann\u00e9e-l\u00e0, un jeune homme de 17 ans rejoint Roger James Merlet. Ce jeune homme cest Pierre Lassenne. Une rencontre forte, un coup de c\u0153ur professionnel et humain qui marque le d\u00e9but dune belle collaboration. Fille de Juifs polonais \u00e9migr\u00e9s, Marceline Loridan-Ivens est d\u00e9port\u00e9e en 1944, 18 mois au camp dextermination dAuschwitz-Birkenau. Dans cette archive.. <img decoding=\"async\" src=\"http:\/\/p1.storage.canalblog.com\/11\/15\/573802\/51647670.jpg\" alt=\"rencontre jeunes etoiles 2010\" align=\"right\"> 03092017-Petikili. Un nouveau rendez-vous pour les tout petits! Rencontre avec Didier Daeninckx et Escales des Lettres.<\/p>\n","protected":false},"excerpt":{"rendered":"<p>rencontre jeunes etoiles 2010<\/p>\n","protected":false},"author":1,"featured_media":0,"comment_status":"closed","ping_status":"closed","sticky":false,"template":"","format":"standard","meta":{"footnotes":""},"categories":[1],"tags":[],"_links":{"self":[{"href":"http:\/\/versa-line.com\/site\/wp-json\/wp\/v2\/posts\/10473"}],"collection":[{"href":"http:\/\/versa-line.com\/site\/wp-json\/wp\/v2\/posts"}],"about":[{"href":"http:\/\/versa-line.com\/site\/wp-json\/wp\/v2\/types\/post"}],"author":[{"embeddable":true,"href":"http:\/\/versa-line.com\/site\/wp-json\/wp\/v2\/users\/1"}],"replies":[{"embeddable":true,"href":"http:\/\/versa-line.com\/site\/wp-json\/wp\/v2\/comments?post=10473"}],"version-history":[{"count":1,"href":"http:\/\/versa-line.com\/site\/wp-json\/wp\/v2\/posts\/10473\/revisions"}],"predecessor-version":[{"id":10474,"href":"http:\/\/versa-line.com\/site\/wp-json\/wp\/v2\/posts\/10473\/revisions\/10474"}],"wp:attachment":[{"href":"http:\/\/versa-line.com\/site\/wp-json\/wp\/v2\/media?parent=10473"}],"wp:term":[{"taxonomy":"category","embeddable":true,"href":"http:\/\/versa-line.com\/site\/wp-json\/wp\/v2\/categories?post=10473"},{"taxonomy":"post_tag","embeddable":true,"href":"http:\/\/versa-line.com\/site\/wp-json\/wp\/v2\/tags?post=10473"}],"curies":[{"name":"wp","href":"https:\/\/api.w.org\/{rel}","templated":true}]}}