{"id":10431,"date":"2020-10-14T17:55:01","date_gmt":"2020-10-14T17:55:01","guid":{"rendered":"http:\/\/versa-line.com\/site\/?p=10431"},"modified":"2020-10-03T20:02:13","modified_gmt":"2020-10-03T20:02:13","slug":"rencontre-correspondants-cm2","status":"publish","type":"post","link":"http:\/\/versa-line.com\/site\/2020\/10\/14\/rencontre-correspondants-cm2\/","title":{"rendered":"Rencontre Correspondants Cm2"},"content":{"rendered":"<p>-nous avons mang\u00e9 ensemble sous le pr\u00e9au 4 classes les ce2 et les cm2 et les 2 classes de correspondants Dans le cadre de l\u00e9ducation \u00e0 la sant\u00e9, M. Besnard, b\u00e9n\u00e9vole aupr\u00e8s de la Ligue contre le Cancer est intervenu dans la classe de CM1-CM2. Cest par un discours simple quil leur a expos\u00e9 les effets n\u00e9fastes du tabac. Linformation et la sensibilisation sont essentielles afin que ce jeune public puisse choisir au mieux ses modes de consommation futurs en toute transparence. Ainsi, gr\u00e2ce \u00e0 ses intervenants, la Ligue rempli ses actions de pr\u00e9vention aupr\u00e8s dun public moteur de changements afin de leur assurer un avenir plus sain. Je recherche une interlocutrice pour parler italien merci Qui a encore peur du grand m\u00e9chant loup? Pas nous! Nous avons compris quil valait mieux acheter des objets quon utilise plusieurs fois! Par exemple : une serviette en tissu plut\u00f4t que du sopalin.  Les 3 premiers de chaque course ont ensuite \u00e9t\u00e9 r\u00e9compens\u00e9s par une m\u00e9daille. Les enfants dAss\u00e9rac se sont surtout distingu\u00e9s chez les filles! De 08h15 \u00e0 11h30 : accueil des \u00e9l\u00e8ves par les professeurs principaux  Les \u00e9l\u00e8ves sont log\u00e9s dans une auberge de jeunesse : Thameside en plein centre de la ville de Londres. I Maybe can help, can you help me with my english? e mail : Les \u00e9l\u00e8ves qui le souhaitent peuvent demander \u00e0 ce que leur dossier soit examin\u00e9 par une commission p\u00e9dagogique pour leur permettre dint\u00e9grer college courses nues avant les finales Premi\u00e8re S2, une classe dont le but principal est de pr\u00e9parer les \u00e9l\u00e8ves qui se destinent aux classes pr\u00e9paratoires. Le rythme y est encore plus soutenu que dans les classes normales, et les \u00e9l\u00e8ves ont des kh\u00f4lles comme en CPGE. <img decoding=\"async\" src=\"http:\/\/www.scolalor.org\/blogsaintleon\/local\/cache-vignettes\/L480xH360\/img_8936-dd3a3.jpg\" alt=\"rencontre correspondants cm2\" align=\"right\"> Une centaine de Calaisiens se sont d\u00e9plac\u00e9s pour se faire tester : 200.000 correspondants connect\u00e9s il y a moins de 30 jours liaison CM2Sixi\u00e8me inexistante en math\u00e9matiques. Suite \u00e0 une sympathie Les th\u00e8mes ont finalement \u00e9t\u00e9 faciles \u00e0 trouver puisque nous travaillions toutes les deux en classe coop\u00e9rative alors les \u00e9l\u00e8ves ont vite trouv\u00e9 des pistes de questions. Le travail d\u00e9quipe pour nos corres Des \u00e9l\u00e8ves des classes de CM1CM2 et CM2 de l\u00e9cole ont particip\u00e9.. Merci de ton t\u00e9moignage. Ton projet a lair super motivant pour les \u00e9l\u00e8ves! Tr\u00e8s int\u00e9ressant ce partage de talents. En tout cas un grand plaisir \u00e0 toi. <img decoding=\"async\" src=\"http:\/\/img.over-blog-kiwi.com\/0\/67\/31\/30\/20160508\/ob_60a48f_25.jpg\" alt=\"rencontre correspondants cm2\" align=\"left\"> <img decoding=\"async\" src=\"http:\/\/www.minelli.fr\/media-596\/catalog\/product\/cache\/1\/image\/1224x1350\/9df78eab33525d08d6e5fb8d27136e95\/1\/y\/sandale-compensee-benna-2_cuir-vachette__minelli-079565a35fcc6dc41752e5d33fbe93d2-a.jpg\" alt=\"rencontre correspondants cm2\" align=\"center\"> Rencontre avec nos correspondants-Blog de l\u00e9cole el\u00e9mentaire Maurice Ravel Les Mureaux Classe des maternelles : Un bel article paru dans la Voix du Nord du 26.01.2018 Le projet Daily Mile sera mis en place dans chaque classe : il sagit de d\u00e9velopper le go\u00fbt de leffort et de lutter contre la s\u00e9dentarit\u00e9 en effectuant une courte marche etou course tous les jours de mani\u00e8re ritualis\u00e9e. Les portes du bureau du maire et de la chambre du Conseil Municipal nous sont ouvertes. Nous sommes tr\u00e8s impressionn\u00e9s.<\/p>\n","protected":false},"excerpt":{"rendered":"<p>rencontre correspondants cm2<\/p>\n","protected":false},"author":1,"featured_media":0,"comment_status":"closed","ping_status":"closed","sticky":false,"template":"","format":"standard","meta":{"footnotes":""},"categories":[1],"tags":[],"_links":{"self":[{"href":"http:\/\/versa-line.com\/site\/wp-json\/wp\/v2\/posts\/10431"}],"collection":[{"href":"http:\/\/versa-line.com\/site\/wp-json\/wp\/v2\/posts"}],"about":[{"href":"http:\/\/versa-line.com\/site\/wp-json\/wp\/v2\/types\/post"}],"author":[{"embeddable":true,"href":"http:\/\/versa-line.com\/site\/wp-json\/wp\/v2\/users\/1"}],"replies":[{"embeddable":true,"href":"http:\/\/versa-line.com\/site\/wp-json\/wp\/v2\/comments?post=10431"}],"version-history":[{"count":1,"href":"http:\/\/versa-line.com\/site\/wp-json\/wp\/v2\/posts\/10431\/revisions"}],"predecessor-version":[{"id":10432,"href":"http:\/\/versa-line.com\/site\/wp-json\/wp\/v2\/posts\/10431\/revisions\/10432"}],"wp:attachment":[{"href":"http:\/\/versa-line.com\/site\/wp-json\/wp\/v2\/media?parent=10431"}],"wp:term":[{"taxonomy":"category","embeddable":true,"href":"http:\/\/versa-line.com\/site\/wp-json\/wp\/v2\/categories?post=10431"},{"taxonomy":"post_tag","embeddable":true,"href":"http:\/\/versa-line.com\/site\/wp-json\/wp\/v2\/tags?post=10431"}],"curies":[{"name":"wp","href":"https:\/\/api.w.org\/{rel}","templated":true}]}}