{"id":10425,"date":"2020-10-14T06:48:44","date_gmt":"2020-10-14T06:48:44","guid":{"rendered":"http:\/\/versa-line.com\/site\/?p=10425"},"modified":"2020-10-03T19:47:31","modified_gmt":"2020-10-03T19:47:31","slug":"rencontres-luttes-immigration","status":"publish","type":"post","link":"http:\/\/versa-line.com\/site\/2020\/10\/14\/rencontres-luttes-immigration\/","title":{"rendered":"Rencontres Luttes Immigration"},"content":{"rendered":"<p>De rattrapage qualitatif et quantitatif des structures scolaires, en termes Un autre ancien membre du Gisti, avocat, se souvient : En tant que jeune avocat, une chose mavait particuli\u00e8rement marqu\u00e9, c\u00e9tait le fait dattaquer l\u00c9tat, parce que cela n\u00e9tait pas dans la culture juridique ou judiciaire de mes confr\u00e8res de l\u00e9poque. Et lorsque jai vu aussi des fonctionnaires y aller plein pot contre l\u00c9tat, je me suis dit quen effet, c\u00e9tait nouveau. Cela mavait beaucoup frapp\u00e9 \u00e0 l\u00e9poque que lon attaque syst\u00e9matiquement un certain nombre de textes, circulaires ou autres, et que lon puisse obtenir des succ\u00e8s alors que lon participait dune certaine mani\u00e8re au syst\u00e8me. Marchetti, Dominique.1998. Une mobilisation m\u00e9diatique et ses limites : Act-up Paris, in Eric Darras. 1998, La politique ailleurs, Paris, CURAPP, 420p.   ICHAM est un adolescent tchadien de 15 ans. Face au contexte de pauvret\u00e9 dans lequel il vit et le peu de perspectives davenir, il d\u00e9cide de quitter son pays avec un ami. Cest un proche qui lui avance largent n\u00e9cessaire \u00e0 ce voyage clandestin. Les migrations sont au c\u0153ur du pontificat du pape Fran\u00e7ois qui appelle p\u00e9riodiquement \u00e0 laccueil et \u00e0 lint\u00e9gration des migrants. Tshilombo Bombo, Gertrude 2003. La femme dans la presse f\u00e9minine africaine. Approche s\u00e9mio-pragmatique, Paris, LHarmattan. Th\u00e9\u00e2tre de lopprim\u00e9 avec MelaMay de Nantes-Inscription \u00e0 la tente accueil  8 Lensemble est \u00e9tudi\u00e9 par Laure Pitti, Les Ouvriers alg\u00e9riens \u00e0 Renault-Billancourt, de 1954 \u00e0 1973, DEA, universit\u00e9 de Paris 8, 1994, p 32-43. Lorsque dans la continuit\u00e9 du 11 septembre des agents de la CIA, avec lappui des services de renseignements italiens, ont enlev\u00e9 en 2003 en pleine rue \u00e0 Milan, s\u00e9questr\u00e9, transf\u00e9r\u00e9 en \u00c9gypte puis tortur\u00e9 un individu suspect\u00e9 par le renseignement davoir des liens avec une organisation terroriste, les magistrats italiens ont \u00e9t\u00e9 les premiers \u00e0 dire quils n\u00e9taient plus dans une relation acceptable. Ce qua dit la Cour europ\u00e9enne des droits de lHomme le 23 f\u00e9vrier 2016. Je voulais que lensemble des participants \u00e0 cette formation puisse b\u00e9n\u00e9ficier de cette prise de position de magistrats du parquet en exercice, jusqualors in\u00e9dite dans le champ, relativement consensuel apr\u00e8s les attentats contre le World Trade Center, de la lutte antiterroriste. Dans cette affaire, les magistrats italiens ont fait leur travail et se sont heurt\u00e9s notamment au secret d\u00c9tat, \u00e0 une logique dappareil d\u00c9tat et de relations diplomatiques tr\u00e8s violente. Personne ne peut savoir ce qui se serait pass\u00e9 en France dans une hypoth\u00e8se similaire mais il ma en tout cas sembl\u00e9 important dinterpeller les magistrats pour quils sinterrogent sur cet \u00e9quilibre pr\u00e9caire entre protection de la vie et respect des droits fondamentaux. Quel \u00e9tait lenjeu de la seconde intervention consacr\u00e9e \u00e0 lexp\u00e9rience fran\u00e7aise et belge de lenqu\u00eate? Autres participant.e.s: Pinar Selek, MCF Urmis; Daniela Trucco, chercheuse associ\u00e9e Ermes; Cecilia Vergnano, post-doc AISSR-Amsterdam Agn\u00e8s Lerolle, charg\u00e9e de coordination de la CAFFIM Ce projet a pour objectif danalyser limpact de la propagande multiethnique sur l\u00e9migration au Sud-Tyrol dans les ann\u00e9es 1930, dans le contexte dune exp\u00e9rimentation \u00e0 grande \u00e9chelle de choix de migration entre lAllemagne nazie et lItalie fasciste. Lhistoire commence en 1977. Les 1?800 travailleurs qui, chaque jour, nettoient le m\u00e9tro parisien et les trains sont, \u00e0 cette date, r\u00e9partis au sein de six soci\u00e9t\u00e9s de nettoyage et extr\u00eamement peu syndiqu\u00e9s. Quelques-uns, salari\u00e9s de trois soci\u00e9t\u00e9s distinctes, viennent voir des militants de la CFDT-RATP dans le but de se syndiquer 2. Ils veulent se battre pour leurs salaires, souvent inf\u00e9rieurs au Smic. Les militants CFDT de la RATP, qui ne connaissent rien \u00e0 leur situation, les affilient au Syndicat des services puisquils ne rel\u00e8vent pas du statut RATP. Mais ces militants d\u00e9cident aussi, d\u00e8s le d\u00e9but, dassurer un suivi syndical puisque tous sont employ\u00e9s sur le m\u00eame lieu de travail. Cette d\u00e9cision sera capitale. Cest un peu comme si, dans la gr\u00e8ve \u00e9voqu\u00e9e plus haut, les syndicats des pilotes davion s\u00e9taient impliqu\u00e9s dans la syndicalisation des travailleurs de la s\u00e9curit\u00e9 des a\u00e9roports. Lassociation Gutenberg et lAssociation nationale des familles ne pourront pas, elles, se constituer parties civiles lors du proc\u00e8s du meurtrier dAbdennbi Gu\u00e9miah qui souvre fin janvier 1985 devant les assises des Hauts-de-Seine \u00e0 Nanterre. Cependant, elles seront indirectement repr\u00e9sent\u00e9es par la famille, qui saura tout au long des audiences faire pr\u00e9valoir ses pr\u00e9rogatives comme partie civile, avec une prestance tr\u00e8s digne. Et cest le pr\u00e9sident de la cour lui-m\u00eame qui citera en r\u00e9f\u00e9rence les principales actions publiques des m\u00e8res de famille, signifiant avec bienveillance \u00e0 la salle quil a bien re\u00e7u le message des amis dAbdennbi. Lavocate g\u00e9n\u00e9rale rendra quant \u00e0 elle un hommage appuy\u00e9 \u00e0 la victime. Elle \u00e9voquera linqui\u00e9tude grandissante devant la folie meurtri\u00e8re et lattente de justice par la soci\u00e9t\u00e9. Au terme du proc\u00e8s, la cour condamne le meurtrier \u00e0 douze ans de r\u00e9clusion. Le public, m\u00e9dus\u00e9, retiendra surtout le volontarisme inhabituel des juges pour que justice soit rendue avec le respect d\u00fb aux victimes. Elle a en principe une dur\u00e9e de quatre ans mais il existe de nombreuses exceptions. A lexpiration de la dur\u00e9e de validit\u00e9 de sa carte, l\u00e9tranger doit quitter la France, \u00e0 moins quil nen obtienne le renouvellement ou quil ne lui soit d\u00e9livr\u00e9 un autre document de s\u00e9jour. Le mouvement s\u00e9largit le 16 mai 1973 avec la participation \u00e0 la gr\u00e8ve de la faim de vingt-huit Fran\u00e7ais. Ils sont soutenus par la CFDT qui rappelle, avec le mot dordre Travailleurs fran\u00e7ais et immigr\u00e9s, m\u00eame patron, m\u00eame combat, luniversalisme de la condition ouvri\u00e8re. Les r\u00e9sultats de ces gr\u00e8ves de la faim sont tr\u00e8s variables selon les d\u00e9partements de la d\u00e9livrance des cartes de s\u00e9jour au refus de n\u00e9gocier en fonction de lattitude des pr\u00e9fets et de limportance du soutien local. Appel de projets en mati\u00e8re dimmigration et de lutte contre la pauvret\u00e9 et lexclusion sociale L\u00c9cho de Laval Le principal constat auquel votre rapporteur sp\u00e9cial a <img decoding=\"async\" src=\"http:\/\/www.pyulpy.cf\/wp-content\/uploads\/2017\/09\/1001sentiers-P1160632.jpg\" alt=\"rencontres luttes immigration\" align=\"right\"> 7 Cf. Par exemple Cathy Kopp, DRH du groupe in Lib\u00e9ration, 11 ao\u00fbt 2004. 13 Il semblerait, selon une note du minist\u00e8re de 1978, que les ressortissants du Congo-Brazzaville, du Gabon, du S\u00e9n\u00e9gal, de la R\u00e9publique Centrafricaine et du Togo aient ult\u00e9rieurement recouvr\u00e9 le privil\u00e8ge de la simple d\u00e9claration. Autres participant.e.s: Brahim Azaoui LIRDEF; Audrey Boulin EMA; Thomas Douni\u00e8s CURAPP-ESS; Le\u00efla Frouillou CRESPPA-GTM; Aksel Kilic Cerlis; Catherine Mendon\u00e7a-Dias DILTEC; Simona Tersigni Sophiapol; Marie-Fran\u00e7oise Valette MIGRINTER <img decoding=\"async\" src=\"http:\/\/www.visionguinee.info\/wp-content\/uploads\/2018\/01\/ambassadeur-allemagne.jpg\" alt=\"rencontres luttes immigration\" align=\"center\"> <img decoding=\"async\" src=\"http:\/\/www.ism-france.org\/photos\/lutte-immigration261011.jpg\" alt=\"rencontres luttes immigration\" align=\"center\">.<\/p>\n","protected":false},"excerpt":{"rendered":"<p>rencontres luttes immigration<\/p>\n","protected":false},"author":1,"featured_media":0,"comment_status":"closed","ping_status":"closed","sticky":false,"template":"","format":"standard","meta":{"footnotes":""},"categories":[1],"tags":[],"_links":{"self":[{"href":"http:\/\/versa-line.com\/site\/wp-json\/wp\/v2\/posts\/10425"}],"collection":[{"href":"http:\/\/versa-line.com\/site\/wp-json\/wp\/v2\/posts"}],"about":[{"href":"http:\/\/versa-line.com\/site\/wp-json\/wp\/v2\/types\/post"}],"author":[{"embeddable":true,"href":"http:\/\/versa-line.com\/site\/wp-json\/wp\/v2\/users\/1"}],"replies":[{"embeddable":true,"href":"http:\/\/versa-line.com\/site\/wp-json\/wp\/v2\/comments?post=10425"}],"version-history":[{"count":1,"href":"http:\/\/versa-line.com\/site\/wp-json\/wp\/v2\/posts\/10425\/revisions"}],"predecessor-version":[{"id":10426,"href":"http:\/\/versa-line.com\/site\/wp-json\/wp\/v2\/posts\/10425\/revisions\/10426"}],"wp:attachment":[{"href":"http:\/\/versa-line.com\/site\/wp-json\/wp\/v2\/media?parent=10425"}],"wp:term":[{"taxonomy":"category","embeddable":true,"href":"http:\/\/versa-line.com\/site\/wp-json\/wp\/v2\/categories?post=10425"},{"taxonomy":"post_tag","embeddable":true,"href":"http:\/\/versa-line.com\/site\/wp-json\/wp\/v2\/tags?post=10425"}],"curies":[{"name":"wp","href":"https:\/\/api.w.org\/{rel}","templated":true}]}}