{"id":10389,"date":"2020-10-13T18:55:18","date_gmt":"2020-10-13T18:55:18","guid":{"rendered":"http:\/\/versa-line.com\/site\/?p=10389"},"modified":"2020-10-03T18:43:53","modified_gmt":"2020-10-03T18:43:53","slug":"rencontre-africaine-photographie-bamako","status":"publish","type":"post","link":"http:\/\/versa-line.com\/site\/2020\/10\/13\/rencontre-africaine-photographie-bamako\/","title":{"rendered":"Rencontre Africaine Photographie Bamako"},"content":{"rendered":"<p>Avertissez-moi par e-mail des nouveaux commentaires. Louvrage Afrotopia est paru \u00e0 loccasion de la 11e \u00e9dition des Rencontres de Bamako, s\u00e9tant tenue de d\u00e9cembre 2017 \u00e0 janvier 2018.  Dans cet entretien, Yves JEANNERET d\u00e9finit la n.. <img decoding=\"async\" src=\"http:\/\/medias.blogbmw.fr\/2018\/07\/Punks-Peak__Credit-Brice-Daraut_DSC_3537-1680x600.jpg\" alt=\"rencontre africaine photographie bamako\" align=\"center\"> Ou suivre le conseil de Paul Claudel, extrait de Cent phrases pour \u00e9ventail, et donn\u00e9 dans sa lettre quotidienne par France Culture Culture maison : d\u00e9couvrir les archives des studios photo de la ville directement dans les rues, Un outil aussi empoign\u00e9 par la Suisse, qui apporte un soutien actif \u00e0 la biennale par le biais de Pro Helvetia, de fondations, surtout la Direction du d\u00e9veloppement et de la coop\u00e9ration de la Conf\u00e9d\u00e9ration. La DDC prend notamment en charge des ateliers p\u00e9dagogiques dans des \u00e9coles de Bamako, sensibilisant les \u00e9l\u00e8ves \u00e0 la cr\u00e9ation photographique contemporaine, organisant au passage un concours entre \u00e9tablissements. La Suisse a aussi soutenu la venue sur place dartistes sud-africains, ainsi que lorganisation dune exposition collective de photographes du Niger, montr\u00e9e pendant la manifestation dans les locaux de lInstitut fran\u00e7ais \u00e0 Bamako. Depuis la crise du Sahel il y a quarante ans, le Mali est un pays focus pour la DDC, qui le soutient \u00e0 hauteur de 30 millions de francs par ann\u00e9e. Espace potentiel darchivage dune m\u00e9moire, celle dune des histoires de la photographies de qualit\u00e9 sur les murs des quartiers populaires de Bamako Les masques fournis par le ministre de lAdministration territoriale au nom du chef de lEtat ont \u00e9t\u00e9 attribu\u00e9s au Minesup, Minesec, Minefop et Minedub Cest le samedi 4 avril 2020, que Cheikh Diabiri, d\u00e9c\u00e9d\u00e9 deux jours auparavant dune courte maladie \u00e0 l\u00e2ge de 58 ans, a \u00e9t\u00e9 inhum\u00e9, \u00e0 Say, dans son village natal <img decoding=\"async\" src=\"http:\/\/afrique.lepoint.fr\/images\/2015\/11\/13\/2504550-2504552-g-jpg_3154562_1000x667.jpg\" alt=\"rencontre africaine photographie bamako\" align=\"center\"> En effet, et on ne cessera de le r\u00e9p\u00e9ter, les rencontres de Bamako constituent une plateforme unique de visibilit\u00e9 pour les photographes du continent et de la diaspora. En effet, et on ne cessera de le r\u00e9p\u00e9ter, Les Rencontres de Bamako constituent une plateforme unique de visibilit\u00e9 pour les photographes du continent et de la diaspora. Depuis plus de vingt ans, elles exposent aux publics bamakois, africain et international les talents de ces artistes. Elles participent ainsi \u00e0 l\u00e9mergence des photographes africains en \u00e9tant un moteur de cr\u00e9ation, despoirs et la r\u00e9alisation dun r\u00eave pour nombre dentre eux : \u00eatre reconnu et pouvoir vivre un jour de son travail. Aux Rencontres photographiques de Bamako, lafricanit\u00e9 se d\u00e9cline en version mondiale. Elle est un \u00e9tat desprit plus quune question de g\u00e8nes ou de couleur de peau. Les diff\u00e9rents artistes sont expos\u00e9s par bribes dans un lieu ou dans un autre. Les Courants de conscience Streams of Consciousness se d\u00e9clinent en quatre grands volets, quatre vers dun po\u00e8me de Ama Ata Aidoo qui \u00e9voquent diff\u00e9rentes probl\u00e9matiques, comme la pr\u00e9sence de linvisible, les d\u00e9placements et lerrance et la diaspora, la politique et la po\u00e9tique des \u00e9cosyst\u00e8mes et enfin lavenir comme promesse. Stars et pionniers  <img decoding=\"async\" src=\"http:\/\/www.jeuneafrique.com\/medias\/2015\/11\/03\/plantation.jpg\" alt=\"rencontre africaine photographie bamako\" align=\"center\"> D\u00e9pistage et surveillance. Quatre tensions en sant\u00e9 publique. Pour ce quatri\u00e8me num\u00e9ro, nous avons propos\u00e9 \u00e0 deux artistes de lexpo panafricaine, Mohamed Bourouissa et Isma\u00efl Bahri, une discussion crois\u00e9e sur leurs coups de c\u0153ur et leurs impressions sur la Biennale. Dans la partie t\u00e9moignage, linvit\u00e9 du jour est le critique Dagara Dakin qui nous propose de r\u00e9fl\u00e9chir \u00e0 la th\u00e9matique Fronti\u00e8re. Alain Wandimoyi, reporter de la R\u00e9publique D\u00e9mocratique du Congo, nous propose une vir\u00e9e au vernissage de lexpo Tamadenw au Blabla Club pour lImage du jour. Dans la rubrique En bref, vous d\u00e9couvrirez les laur\u00e9ats des 7 prix du Jury de la Biennale de Bamako ainsi que les 5 prix de la Fondation Blach\u00e8re.  La grande finale de la 3\u00e8me \u00e9dition de la comp\u00e9tition internationale E-takara a d\u00e9but\u00e9 le 14 d\u00e9cembre 2019 au sein de Codeloccol qui est la premi\u00e8re acad\u00e9mie d\u00e9di\u00e9e : cest simple et gratuit et vous pourrez toucher des millions de lecteurs. Trois pays participant au G5 Sahel, le Burkina Faso, le Mali et le Niger, sont accus\u00e9s par lONG Amnesty International dans un rapport publi\u00e9 mardi 9.. Par les commissaires. En mettant en place lexposition au, le Pour les professionnels : prix hors taxes, paiement \u00e0 30 jours et factures t\u00e9l\u00e9chargeables. Marie Curie et lint\u00e9gration des femmes scientifiques dans l\u00e9volution sociale de leur \u00e9poque.<\/p>\n","protected":false},"excerpt":{"rendered":"<p>rencontre africaine photographie bamako<\/p>\n","protected":false},"author":1,"featured_media":0,"comment_status":"closed","ping_status":"closed","sticky":false,"template":"","format":"standard","meta":{"footnotes":""},"categories":[1],"tags":[],"_links":{"self":[{"href":"http:\/\/versa-line.com\/site\/wp-json\/wp\/v2\/posts\/10389"}],"collection":[{"href":"http:\/\/versa-line.com\/site\/wp-json\/wp\/v2\/posts"}],"about":[{"href":"http:\/\/versa-line.com\/site\/wp-json\/wp\/v2\/types\/post"}],"author":[{"embeddable":true,"href":"http:\/\/versa-line.com\/site\/wp-json\/wp\/v2\/users\/1"}],"replies":[{"embeddable":true,"href":"http:\/\/versa-line.com\/site\/wp-json\/wp\/v2\/comments?post=10389"}],"version-history":[{"count":1,"href":"http:\/\/versa-line.com\/site\/wp-json\/wp\/v2\/posts\/10389\/revisions"}],"predecessor-version":[{"id":10390,"href":"http:\/\/versa-line.com\/site\/wp-json\/wp\/v2\/posts\/10389\/revisions\/10390"}],"wp:attachment":[{"href":"http:\/\/versa-line.com\/site\/wp-json\/wp\/v2\/media?parent=10389"}],"wp:term":[{"taxonomy":"category","embeddable":true,"href":"http:\/\/versa-line.com\/site\/wp-json\/wp\/v2\/categories?post=10389"},{"taxonomy":"post_tag","embeddable":true,"href":"http:\/\/versa-line.com\/site\/wp-json\/wp\/v2\/tags?post=10389"}],"curies":[{"name":"wp","href":"https:\/\/api.w.org\/{rel}","templated":true}]}}