{"id":10373,"date":"2020-10-13T01:14:24","date_gmt":"2020-10-13T01:14:24","guid":{"rendered":"http:\/\/versa-line.com\/site\/?p=10373"},"modified":"2020-10-03T18:12:47","modified_gmt":"2020-10-03T18:12:47","slug":"rencontres-photo-d-arles-programme","status":"publish","type":"post","link":"http:\/\/versa-line.com\/site\/2020\/10\/13\/rencontres-photo-d-arles-programme\/","title":{"rendered":"Rencontres Photo D Arles Programme"},"content":{"rendered":"<p>Auteure et metteur en sc\u00e8ne, compagnie Underground Sugar 11Rappelons rapidement quelles sont les valeurs port\u00e9es par une institution de la photographie. Dapr\u00e8s Ga\u00eblle Morel 2003, les institutions et initiatives publiques et priv\u00e9es auraient particip\u00e9 dans les ann\u00e9es 1970 \u00e0 la l\u00e9gitimation de la photographie dans le domaine culturel. M\u00eame si Nelson Goodman nuance cette fonction de linstitution lorsquil \u00e9crit : linstitutionnalisation nest quun moyen, parfois surestim\u00e9 et souvent inefficace, dimpl\u00e9mentation 2009 : 63, la valeur culturelle et artistique de la photographie est dor\u00e9navant assur\u00e9e. Plus pr\u00e9cis\u00e9ment, les Rencontres dArles sont un festival annuel et ce qui fait \u00e9v\u00e9nement dans cette p\u00e9riodicit\u00e9, cest le choix des photographes expos\u00e9s et en particulier celui de linvit\u00e9 dhonneur dont la notori\u00e9t\u00e9 et la valeur sont reconnues par la profession et ses experts, mais qui jouissent aussi dune sorte d\u00e9vidence ou daura dautant plus grande que le festival est r\u00e9put\u00e9 et reconnu. Car, exposer \u00e0 Arles, cest voir reconna\u00eetre et du m\u00eame coup intensifier dans le monde des amateurs et des professionnels sa valeur sociale de photographe, et aussi, compte tenu du festival, se voir reconna\u00eetre les qualit\u00e9s que celui-ci valorise. Et, r\u00e9ciproquement, cest la notori\u00e9t\u00e9 des photographes qui ont accept\u00e9 linvitation du festival qui fait la r\u00e9putation de celui-ci. R\u00e9\u00e9couter Arts plastiques : Beat Generation et sp\u00e9ciale Arles \u00e9couter 58 min 58 min  Entr\u00e9e libre tous les jours de 10h \u00e0 13h et de 14h \u00e0 19h Pour leur 50 e \u00e9dition, le festival a lanc\u00e9 une plateforme participative permettant \u00e0 tous de d\u00e9poser photographies, vid\u00e9os, enregistrements sonores, documents num\u00e9ris\u00e9s journaux, affiches, lettres et t\u00e9moignages. Cette collecte a pris la forme dun grand album num\u00e9rique qui retrace cinq d\u00e9cennies de festival. 430 contributeurs ont partag\u00e9 \u00e0 ce jour plus de 6 000 documents. March\u00e9 de lart Sothebys ne pourra pas poursuivre la Gr\u00e8ce Au stade L\u00e9o-Lagrange de Tourcoing, le terrain de jeu est depuis mardi ouvert \u00e0 toutes les bonnes volont\u00e9s. Objectif : confectionner les masques qui seront prochainement distribu\u00e9s \u00e0 la population 120 000 masques. <img decoding=\"async\" src=\"http:\/\/www.melanielambert.com\/wp-content\/uploads\/2015\/07\/pause3.jpg\" alt=\"rencontres photo d arles programme\" align=\"right\"> V\u00e9ritable institution estivale et lieu de p\u00e9r\u00e9grination pour les amateurs de photographie, les Rencontres dArles, pour leur 44e \u00e9dition, se donnent pour objet de faire un \u00e9tat des lieux de la cr\u00e9ation photographique internationale en noir et blanc du 21e si\u00e8cle. Loin de se cantonner \u00e0 un programme dogmatique ou \u00e0 un panorama acad\u00e9mique, la manifestation sest autoris\u00e9e au fil de ses expositions de multiples digressions dans des territoires un peu plus bigarr\u00e9s, notamment les derni\u00e8res recherches de Hiroshi Sugimoto sur les couleurs pures ou de larges pans de photographies contemporaines en couleur, plus proches du photojournalisme ou du documentaire. Les Rencontres dArles, au-del\u00e0 de leur th\u00e8me annuel, demeurent un lieu de d\u00e9couverte ou de red\u00e9couverte de la photographie, principalement artistique, dans toute sa pluralit\u00e9. Aussi cette ann\u00e9e, si le th\u00e8me refl\u00e8te un choix majoritaire dexposition In Black, il na pour autant aucune pr\u00e9tention \u00e0 \u00e9difier un quelconque discours, ni pseudo prospectif, ni nostalgique. Pour le visiteur, Il sagira davantage de voyager librement dans cette carte th\u00e9matique pleine de trou\u00e9es, de surprises et de dispersion, en y d\u00e9couvrant la singularit\u00e9 de travaux et de regards photographiques, mais \u00e9galement, en constatant la permanence de cette expression : la photographie en noir et blanc. Une belle d\u00e9rive donc <img decoding=\"async\" src=\"http:\/\/www.abm-studio.com\/files\/media_file_2253.jpg\" alt=\"rencontres photo d arles programme\" align=\"left\"> Dans un communiqu\u00e9 dat\u00e9 du 29 mai, Dominique Fiat, Alain Chiglien et Thomas Bernard ont annonc\u00e9 leur d\u00e9mission du comit\u00e9 de s\u00e9lection des galeries dArt Paris, o\u00f9 ils \u00e9taient aussi exposants. Our daily newsletter contains a round-up of the stories published on our website, previews of exhibitions that are opening and more. On Fridays, we send our Editors picks of the top stories posted through the week. As a subscriber, you will also get live reports from leading art fairs and events, such as the Venice Biennale, plus special offers from The Art Newspaper. Les Rencontres dArles, fond\u00e9es en 1970 par Lucien Clergue, Michel Tournier et Jean-Maurice Rouquette, f\u00eatent leurs 50 ans. Loccasion daborder avec Sam.. Appel \u00e0 candidatures photographie, video, nouveaux m\u00e9dias SAM STOURDZE : Le Festival se veut en prise avec lactualit\u00e9, avec son temps. La photographie est lun des m\u00e9diums les mieux plac\u00e9s pour capter lHistoire du monde, et actuellement de nombreux artistes et cr\u00e9ateurs sint\u00e9ressent aux questions de mutations technologiques, d\u00e9volution ou de promesse dun futur num\u00e9rique, tout en soulevant un certain nombre dinqui\u00e9tudes. Ainsi, la rentr\u00e9e litt\u00e9raire \u00e9tait fournie en romans autour de la question du transhumanisme et de lintelligence artificielle. Beaucoup de photographes et de cin\u00e9astes se sont pench\u00e9s sur ce sujet. Nous avons, nous aussi, souhait\u00e9 explorer ce domaine en proposant des projets qui vont dun extr\u00eame \u00e0 lautre, mais qui abordent la m\u00eame chose : les nouvelles qu\u00eates de spiritualit\u00e9, les nouvelles formes dintrospection. Par ailleurs, une autre rubrique importante de la programmation traite dun moment fort de la soci\u00e9t\u00e9 : 1968, envisag\u00e9 comme une cassure, une rupture entre un monde ancien et un monde moderne. Il nous a paru fructueux de mettre les deux en perspective, car \u00e0 bien des \u00e9gards, ce quil se passe actuellement nest pas sen rappeler les cons\u00e9quences de 1968, la mise en place dun nouveau mod\u00e8le et dune forme de contestation, destin\u00e9e \u00e0 sassurer quil ny ait pas une h\u00e9g\u00e9monie n\u00e9faste de ce nouveau mod\u00e8le. Les artistes, qui sont souvent les premiers \u00e0 avoir une acuit\u00e9 de perception des transformations, en ont extrait mati\u00e8re pour leur cr\u00e9ation.  Le Festival La Rochelle Cin\u00e9ma, pr\u00e9vu du 26 juin au 5 juillet. Expose quelques photographies de ce travail a u x rencontres internationales de photographie d Arles, e n France. Les Rencontres internationales de la photographie dArles 2007 refl\u00e8tent les passions de nombreux experts de diff\u00e9rents secteurs de la photographie. L\u00e9conomie am\u00e9ricaine va probablement chuter \u00e0 un rythme sans pr\u00e9c\u00e9dent au deuxi\u00e8me trimestre en raison de la pand\u00e9mie de coronavirus, a pr\u00e9venu mercredi le pr\u00e9sident de la Banque centrale am\u00e9ricaine Jerome Powell. Lampleur et la dur\u00e9e du ralentissement \u00e9conomique sont extr\u00eamement incertains et d\u00e9pendront en grande partie de la rapidit\u00e9 avec laquelle le virus sera ma\u00eetris\u00e9, a-t-il d\u00e9clar\u00e9 lors dune conf\u00e9rence de presse, soulignant que la Fed seffor\u00e7ait dassurer une reprise aussi robuste que possible. <img decoding=\"async\" src=\"http:\/\/www.arles-info.fr\/wp-content\/uploads\/2018\/06\/20180629013132-5899de5c-cu_s9999x360-500x334.jpg\" alt=\"rencontres photo d arles programme\" align=\"left\"> LA COLLECTION 0069FA : UNE ARCHIVE \u00c0 LOEUVRE. \u00c0 travers les lectures, les activations et les modes de pr\u00e9sentation dun fonds photographique conserv\u00e9 par la Fondation arabe pour limage FAI \u00e0 Beyrouth, ce projet met en avant l\u00e9volution des pratiques et des positionnements de linstitution et de ses membres depuis 1997. Cette proposition prend la forme dun cas d\u00e9tude engag\u00e9 autour de la collection FAI, inventori\u00e9e sous le num\u00e9ro 0069fa pour rendre compte des dynamiques et des m\u00e9canismes \u00e0 loeuvre au sein dune telle archive photographique. Lexposition tend \u00e0 pr\u00e9senter la collection 0069fa comme un objet d\u00e9tude toujours en construction. Celle-ci sest constitu\u00e9e collectivement \u00e0 partir de gestes et dint\u00e9r\u00eats li\u00e9s \u00e0 la figure de chercheurs. En r\u00e9sultent 85 lots, inventoriant pr\u00e8s de 8 000 objets, collect\u00e9s dans 6 pays diff\u00e9rents par 14 chercheurs, de 1998 \u00e0 2018. Dans limbrication des documents, des donn\u00e9es et usages tous mis en archive selon les m\u00eames charges se tissent en filigrane la prolif\u00e9ration et l\u00e9volution des pratiques photographiques dans les r\u00e9gions du Moyen-Orient et dAfrique du Nord, entre m\u00e9moire et art, individualit\u00e9 et communaut\u00e9, culture et histoire 20h50. Le DJ Bob Sinclar en concert au sommet de lArc de Triomphe lundi  R\u00e9sultat de longues ann\u00e9es de collaboration et de confiance r\u00e9ciproque entre le festival et les photographes. La collection garantit la promotion dun fonds photo unique que le festival valorise en le faisant conna\u00eetre \u00e0 tous.<\/p>\n","protected":false},"excerpt":{"rendered":"<p>rencontres photo d arles programme<\/p>\n","protected":false},"author":1,"featured_media":0,"comment_status":"closed","ping_status":"closed","sticky":false,"template":"","format":"standard","meta":{"footnotes":""},"categories":[1],"tags":[],"_links":{"self":[{"href":"http:\/\/versa-line.com\/site\/wp-json\/wp\/v2\/posts\/10373"}],"collection":[{"href":"http:\/\/versa-line.com\/site\/wp-json\/wp\/v2\/posts"}],"about":[{"href":"http:\/\/versa-line.com\/site\/wp-json\/wp\/v2\/types\/post"}],"author":[{"embeddable":true,"href":"http:\/\/versa-line.com\/site\/wp-json\/wp\/v2\/users\/1"}],"replies":[{"embeddable":true,"href":"http:\/\/versa-line.com\/site\/wp-json\/wp\/v2\/comments?post=10373"}],"version-history":[{"count":1,"href":"http:\/\/versa-line.com\/site\/wp-json\/wp\/v2\/posts\/10373\/revisions"}],"predecessor-version":[{"id":10374,"href":"http:\/\/versa-line.com\/site\/wp-json\/wp\/v2\/posts\/10373\/revisions\/10374"}],"wp:attachment":[{"href":"http:\/\/versa-line.com\/site\/wp-json\/wp\/v2\/media?parent=10373"}],"wp:term":[{"taxonomy":"category","embeddable":true,"href":"http:\/\/versa-line.com\/site\/wp-json\/wp\/v2\/categories?post=10373"},{"taxonomy":"post_tag","embeddable":true,"href":"http:\/\/versa-line.com\/site\/wp-json\/wp\/v2\/tags?post=10373"}],"curies":[{"name":"wp","href":"https:\/\/api.w.org\/{rel}","templated":true}]}}