{"id":10275,"date":"2020-10-13T16:30:12","date_gmt":"2020-10-13T16:30:12","guid":{"rendered":"http:\/\/versa-line.com\/site\/?p=10275"},"modified":"2020-10-03T15:05:59","modified_gmt":"2020-10-03T15:05:59","slug":"date-des-rencontres-de-la-ligue-des-champions","status":"publish","type":"post","link":"http:\/\/versa-line.com\/site\/2020\/10\/13\/date-des-rencontres-de-la-ligue-des-champions\/","title":{"rendered":"Date Des Rencontres De La Ligue Des Champions"},"content":{"rendered":"<p>Alors que la saison de L1 a \u00e9t\u00e9 arr\u00eat\u00e9e, le PSG et Lyon doivent encore participer \u00e0 la Ligue des Champions 2019-2020.. <img decoding=\"async\" src=\"http:\/\/www.olangelles.com\/wp-content\/uploads\/2017\/05\/fleur-noire-2016.png\" alt=\"date des rencontres de la ligue des champions\" align=\"left\"> UEFA FUTSAL CHAMPIONS LEAGUE-TOUR PRELIMINAIRE-GROUPE G Billets Ligue des Champions 2019-2020 Footballtickets.fr Elles seront \u00e9galement utilis\u00e9es sous r\u00e9serve des options souscrites, \u00e0 des fins de ciblage publicitaire. En attendant de voir si ce coup de pression va fonctionner de lautre c\u00f4t\u00e9 des Alpes, lAllemagne et lEspagne sont dans les starting-blocks. La Bundesliga a d\u00e9j\u00e0 b\u00fbch\u00e9 sur un plan de reprise des matchs d\u00e9but mai, et les premiers signaux politiques laissent filtrer lid\u00e9e dun retour des comp\u00e9titions \u00e0 la fin du mois prochain. A Madrid, le chef du gouvernement Pedro Sanchez, qui permettra entre autres la reprise des entra\u00eenements individuels des sportifs professionnels et de niveau national, et lentra\u00eenement basique au sein des ligues professionnelles. En Angleterre, enfin, des voix poussent dans le gouvernement de Boris Johnson pour une reprise d\u00e9but juin, et certains clubs comme Arsenal ou West Ham ont d\u00e9j\u00e0 rouvert leur centre dentra\u00eenement aux joueurs en d\u00e9pit de normes drastiques.  Il existe des restrictions de calendrier: par exemple, des \u00e9quipes de la m\u00eame ville par exemple et l ne sont pas programm\u00e9es pour jouer \u00e0 domicile la m\u00eame journ\u00e9e, ainsi que les \u00e9quipes de lEst du continent par exemple la Russie ne sont pas programm\u00e9es pour jouer \u00e0 domicile la derni\u00e8re journ\u00e9e \u00e0 cause du temps froid. UEFA FUTSAL CHAMPIONS LEAGUE-TOUR PRELIMINAIRE-GROUPE F  Les deux clubs anglais ont renvers\u00e9 des situations plus que compromises pour se retrouver en finale. A limage dune saison marqu\u00e9e par des matchs danthologie et des folles remont\u00e9es. 12 octobre : phase de groupes, 2e journ\u00e9e 2223 octobre : phase de groupes, 3e journ\u00e9e LdC : le calendrier de lUEFA se confirme-Ligue des Champions-Paris PSG <img decoding=\"async\" src=\"http:\/\/s.asmonaco.com\/asm\/file\/201412\/ASMZEN-fans-2138.jpg\" alt=\"date des rencontres de la ligue des champions\" align=\"right\"> un brouillon est d\u00e9j\u00e0 pr\u00e9sent dans votre espace commentaire. Vous ne pouvez en sauvegarder quun <img decoding=\"async\" src=\"http:\/\/img15.hostingpics.net\/pics\/331149departenvacances.png\" alt=\"date des rencontres de la ligue des champions\" align=\"left\"> Ligue des Champions : Le calendrier des 8e de finale fix\u00e9 Coronavirus : et si la Ligue des champions se terminait en ao\u00fbt?-Le Parisien Face \u00e0 linqui\u00e9tante mont\u00e9e de la pand\u00e9mie de coronavirus en Europe, et dans la lign\u00e9e des successives suspensions des championnats sur le Vieux Continent, lUEFA a d\u00e9cid\u00e9 de reporter ses rencontres de Ligue des Champions et de Ligue Europa de la semaine prochaine.  Moi mon probl\u00e8me cest thyago Silva il ne m\u00e9rite pas la d\u00e9fense du PSG Mais peu de places restent en vente puisque, avant-m\u00eame le tirage au sort, plus de 35 000 packs avaient \u00e9t\u00e9 vendus..<\/p>\n","protected":false},"excerpt":{"rendered":"<p>date des rencontres de la ligue des champions<\/p>\n","protected":false},"author":1,"featured_media":0,"comment_status":"closed","ping_status":"closed","sticky":false,"template":"","format":"standard","meta":{"footnotes":""},"categories":[1],"tags":[],"_links":{"self":[{"href":"http:\/\/versa-line.com\/site\/wp-json\/wp\/v2\/posts\/10275"}],"collection":[{"href":"http:\/\/versa-line.com\/site\/wp-json\/wp\/v2\/posts"}],"about":[{"href":"http:\/\/versa-line.com\/site\/wp-json\/wp\/v2\/types\/post"}],"author":[{"embeddable":true,"href":"http:\/\/versa-line.com\/site\/wp-json\/wp\/v2\/users\/1"}],"replies":[{"embeddable":true,"href":"http:\/\/versa-line.com\/site\/wp-json\/wp\/v2\/comments?post=10275"}],"version-history":[{"count":1,"href":"http:\/\/versa-line.com\/site\/wp-json\/wp\/v2\/posts\/10275\/revisions"}],"predecessor-version":[{"id":10276,"href":"http:\/\/versa-line.com\/site\/wp-json\/wp\/v2\/posts\/10275\/revisions\/10276"}],"wp:attachment":[{"href":"http:\/\/versa-line.com\/site\/wp-json\/wp\/v2\/media?parent=10275"}],"wp:term":[{"taxonomy":"category","embeddable":true,"href":"http:\/\/versa-line.com\/site\/wp-json\/wp\/v2\/categories?post=10275"},{"taxonomy":"post_tag","embeddable":true,"href":"http:\/\/versa-line.com\/site\/wp-json\/wp\/v2\/tags?post=10275"}],"curies":[{"name":"wp","href":"https:\/\/api.w.org\/{rel}","templated":true}]}}