{"id":10159,"date":"2020-10-13T19:49:56","date_gmt":"2020-10-13T19:49:56","guid":{"rendered":"http:\/\/versa-line.com\/site\/?p=10159"},"modified":"2020-10-03T11:02:31","modified_gmt":"2020-10-03T11:02:31","slug":"rencontre-avesnes","status":"publish","type":"post","link":"http:\/\/versa-line.com\/site\/2020\/10\/13\/rencontre-avesnes\/","title":{"rendered":"Rencontre Avesnes"},"content":{"rendered":"<p>Cette photo in\u00e9dite date de 1965. Elle a \u00e9t\u00e9 prise devant la Mairie de Tr\u00e9lon \u00e0 loccasion dune rencontre amicale de foot-ball entre des v\u00e9t\u00e9rans de lAST et commer\u00e7ants locaux de Tr\u00e9lon et leurs homologues de Glageon. De chaque c\u00f4t\u00e9 on remarque la pr\u00e9sence de brancardiers. A gauche Henri Lemonnier et \u00e0 droite Gilbert Demacon dit b\u00e9bert. Les joueurs Tr\u00e9lonnais \u00e0 gauche sont les m\u00eames que sur la photo de larticle pr\u00e9c\u00e9dent voir lien. A droite, chez les Glageonnais, on reconna\u00eet mon Beau-fr\u00e8re Jacques Vieville et son fr\u00e8re G\u00e9rard. Au premier rang sont accroupis les jeunes de la Clique encadr\u00e9s par MM Dremeaux et Piette. Je suis sympa mais on meux prend pas la t\u00eate est les histoire dun soir pas pour moi Je suis Neit593, habite \u00e0 41 km de Avesnes-sur-Helpe 59440 bonjours a toutes je recherche delamiti\u00e9voir plus si affinit\u00e9.Tr\u00e9s d\u00e9ssus niveauamour Le vendredi 4 d\u00e9cembre 2015 aura lieu le 5\u00e8me \u00e9venement Les m\u00e9tiers font leur show au Clos Fleuri dAvesnes-sur-Helpe de 10h \u00e0 12h Avesnes-le-Comte-G\u00e9r\u00e9my Cr\u00e9deville comme t\u00eate daffiche du festival du rire LAbeille de la Ternoise Virginie Kl\u00e8s, sous-pr\u00e9fet de larrondissement dAvesnes-sur-Helpe, a particip\u00e9 le 31 janvier 2017, \u00e0 linauguration de la Maison de services au public MSAP de Solre-le-Ch\u00e2teau, aux c\u00f4t\u00e9s de Catherine Garnero, directeur r\u00e9gional R\u00e9seau et Banque.. <img decoding=\"async\" src=\"http:\/\/resize-parismatch.ladmedia.fr\/rcrop\/300,228,forcex,center-middle\/ext\/65026e98\/francedimanche\/2017-04\/patrick-sabatier.jpg\" alt=\"rencontre avesnes\" align=\"right\"> Elections municipales 2020-Elections Ardres 62610-LAvenir de lArtois Venez partager cet \u00e9v\u00e9nement organis\u00e9 pour vous, rencontrer les administrateurs de votre Caisse locale et les dirigeants de votre banque, vous informer de son actualit\u00e9. Vous b\u00e9n\u00e9ficierez dune intervention sur le th\u00e8me : laffirmation de notre utilit\u00e9 au territoire. Venez partager cet \u00e9v\u00e9nement organis\u00e9 pour vous, rencontrer les administrateurs de votre Caisse locale et les dirigeants de votre banque, vous informer de son actualit\u00e9. Vous b\u00e9n\u00e9ficierez dune intervention sur lassociation Point Passerelle et dun t\u00e9moignage du p\u00f4le Sant\u00e9 Douaisis par Elodie Evrard. 5 lieux : Landrecies, Fourmies, Maubeuge, Rousies Feignies <img decoding=\"async\" src=\"http:\/\/fr.1001mags.com\/images\/Couv\/5\/59Nord\/254\/12126-59Nord-254-Page-019.jpg\" alt=\"rencontre avesnes\" align=\"left\"> Vous connaissez des lieux de drague que nous navons pas encore r\u00e9f\u00e9renc\u00e9s?  Avesnes-le-sec Tous droits r\u00e9serv\u00e9s conception Le tirage au sort a donc d\u00e9sign\u00e9 Avesnes-sur-Helpe premier adversaire de nos Bleu et blanc en Coupe de France! Un tirage qui donne nos Maritimes favoris sur le papier, mais on sait la magie de la Coupe de France capable dop\u00e9rer et de faire oublier les cinq niveaux qui s\u00e9parent les deux \u00e9quipes! Obtenir une formation dipl\u00f4mante et qualifiante, gagner en autonomie, sint\u00e9grer sur le march\u00e9 du travail sont autant dopportunit\u00e9s offertes \u00e0 une jeune apprentie. <img decoding=\"async\" src=\"http:\/\/www.clic-avesnois.fr\/wp-content\/uploads\/Affiche-Alzheimer-ANOR.jpg\" alt=\"rencontre avesnes\" align=\"left\"> LAvesnois Raymond Bailleux ignorait tout de la journ\u00e9e de la gentillesse. Nous aussi dailleurs puisquelle est n\u00e9e il y a seulement deux ans, lanc\u00e9e par Psychologies Magazine et que parbleu on peut se demander si cette vertu modeste a besoin dune journ\u00e9e \u00e0 elle. Eh bien oui, il para\u00eet que la gentillesse fait du bien. Pour toute information Cette adresse e-mail est prot\u00e9g\u00e9e contre les robots spammeurs. Vous devez activer le JavaScript pour la visualiser. Venez partager cet \u00e9v\u00e9nement organis\u00e9 pour vous, rencontrer les administrateurs de votre Caisse locale et les dirigeants de votre banque, vous informer de son actualit\u00e9. Vous b\u00e9n\u00e9ficierez dune intervention sur la Brasserie La Choulette \u00e0 Hordain. Le mus\u00e9e est ouvert tous les jours, sauf le mardi, de 14h \u00e0 18h, pour les publics individuels.   Vous voyez, il y a tellement \u00e0 faire quil faudra y rester quelques jours! On vous sugg\u00e8re donc 2-3 id\u00e9es dh\u00e9bergements pour un s\u00e9jour en Avesnois.<\/p>\n","protected":false},"excerpt":{"rendered":"<p>rencontre avesnes<\/p>\n","protected":false},"author":1,"featured_media":0,"comment_status":"closed","ping_status":"closed","sticky":false,"template":"","format":"standard","meta":{"footnotes":""},"categories":[1],"tags":[],"_links":{"self":[{"href":"http:\/\/versa-line.com\/site\/wp-json\/wp\/v2\/posts\/10159"}],"collection":[{"href":"http:\/\/versa-line.com\/site\/wp-json\/wp\/v2\/posts"}],"about":[{"href":"http:\/\/versa-line.com\/site\/wp-json\/wp\/v2\/types\/post"}],"author":[{"embeddable":true,"href":"http:\/\/versa-line.com\/site\/wp-json\/wp\/v2\/users\/1"}],"replies":[{"embeddable":true,"href":"http:\/\/versa-line.com\/site\/wp-json\/wp\/v2\/comments?post=10159"}],"version-history":[{"count":1,"href":"http:\/\/versa-line.com\/site\/wp-json\/wp\/v2\/posts\/10159\/revisions"}],"predecessor-version":[{"id":10160,"href":"http:\/\/versa-line.com\/site\/wp-json\/wp\/v2\/posts\/10159\/revisions\/10160"}],"wp:attachment":[{"href":"http:\/\/versa-line.com\/site\/wp-json\/wp\/v2\/media?parent=10159"}],"wp:term":[{"taxonomy":"category","embeddable":true,"href":"http:\/\/versa-line.com\/site\/wp-json\/wp\/v2\/categories?post=10159"},{"taxonomy":"post_tag","embeddable":true,"href":"http:\/\/versa-line.com\/site\/wp-json\/wp\/v2\/tags?post=10159"}],"curies":[{"name":"wp","href":"https:\/\/api.w.org\/{rel}","templated":true}]}}